{"id":2192,"global_id":"agendaurbana.arteixo.org\/gl\/?id=2192","global_id_lineage":["agendaurbana.arteixo.org\/gl\/?id=2192"],"author":"1","status":"publish","date":"2025-02-20 08:10:50","date_utc":"2025-02-20 07:10:50","modified":"2025-03-10 14:13:15","modified_utc":"2025-03-10 13:13:15","url":"https:\/\/agendaurbana.arteixo.org\/gl\/evento\/mesa-sectorial-servizos-sociais\/","rest_url":"https:\/\/agendaurbana.arteixo.org\/gl\/wp-json\/tribe\/events\/v1\/events\/2192","title":"Mesa Sectorial Servizos Sociais","description":"<p>[et_pb_section fb_built=&#8221;1&#8243; admin_label=&#8221;section&#8221; _builder_version=&#8221;4.16&#8243; da_disable_devices=&#8221;off|off|off&#8221; global_colors_info=&#8221;{}&#8221; da_is_popup=&#8221;off&#8221; da_exit_intent=&#8221;off&#8221; da_has_close=&#8221;on&#8221; da_alt_close=&#8221;off&#8221; da_dark_close=&#8221;off&#8221; da_not_modal=&#8221;on&#8221; da_is_singular=&#8221;off&#8221; da_with_loader=&#8221;off&#8221; da_has_shadow=&#8221;on&#8221;][et_pb_row admin_label=&#8221;row&#8221; _builder_version=&#8221;4.16&#8243; background_size=&#8221;initial&#8221; background_position=&#8221;top_left&#8221; background_repeat=&#8221;repeat&#8221; global_colors_info=&#8221;{}&#8221;][et_pb_column type=&#8221;4_4&#8243; _builder_version=&#8221;4.16&#8243; custom_padding=&#8221;|||&#8221; global_colors_info=&#8221;{}&#8221; custom_padding__hover=&#8221;|||&#8221;][et_pb_text _builder_version=&#8221;4.27.4&#8243; _module_preset=&#8221;default&#8221; hover_enabled=&#8221;0&#8243; sticky_enabled=&#8221;0&#8243; admin_label=&#8221;Text &#8211; Actores territoriales representantes del tercer sector y entidades sociales con incidencia en el \u00e1mbito territorial de Arteixo&#8221;]<\/p>\n<p>Actores territoriais representantes do terceiro sector e entidades sociais con incidencia no \u00e1mbito territorial de Arteixo.<\/p>\n<p>\u2022 Obxecto da reuni\u00f3n: presentaci\u00f3n do marco correspondente \u00e1 candidatura #de acordo con a Orde HAC\/1072\/2024, do 2 de outubro, pola que se aproban as bases reguladoras para a asignaci\u00f3n de senda financeira FEDER a Plans de actuaci\u00f3n integrados de entidades locais, no marco do Desenvolvemento Urbano Sostible, con cargo ao Fondo Europeo de Desenvolvemento Rexional no per\u00edodo de programaci\u00f3n 2021-2027.<\/p>\n<p>\u2022 Acci\u00f3ns desenvolvidas:<\/p>\n<p><strong>1.<\/strong> Exposici\u00f3n dos proxectos propostos para o Plan de Actuaci\u00f3n Integrado (PAI) da Estratexia de Desenvolvemento Integrado Local (EDIL), todos eles resultantes do proceso participativo desenvolvido #de acordo con o modelo de gobernanza de AURA.<\/p>\n<p><strong>2.<\/strong> Presentaci\u00f3n da Fase 3 de AURA: implementaci\u00f3n do modelo de gobernanza territorial para crear a Axenda Compartida.<\/p>\n<p><strong>3.<\/strong> Acci\u00f3n grupal: realizaci\u00f3n de preguntas e propostas incorporadas na elaboraci\u00f3n definitiva do PAI \u2013 Arteixo en positivo.<\/p>\n<p><strong>Asistentes:<\/strong><\/p>\n<p>\u2022 Centro Agarimo Terciarios capuchinos #Luis Amig\u00f3 Amigonianos \u2022 Asociaci\u00f3n Agarimo Arteixo \u2022 APEM Coru\u00f1a Asociaci\u00f3n prol enfermos mentais \u2022 ASPACE. Asociaci\u00f3n de pais de persoas con par\u00e1lise cerebral \u2022 AFACO. Asociaci\u00f3n de familiares de enfermos de Alzheimer \u2022 Federaci\u00f3n de Xordos. SAPS Coru\u00f1a (FAXPG).   <br \/>\u2022 Federaci\u00f3n de Xordos. Emprego. Coru\u00f1a (FAXPG)<br \/>\u2022 AC Mariana<br \/>\u2022 Departamento de Servizos Sociais<br \/>\u2022 Departamento de Participaci\u00f3n Cidad\u00e1<br \/>\u2022 Departamento de Econom\u00eda e Facenda<br \/>\u2022 Oficina de Planificaci\u00f3n Estrat\u00e9xica  <\/p>\n<p>[\/et_pb_text][\/et_pb_column][\/et_pb_row][\/et_pb_section]<\/p>","excerpt":"","slug":"mesa-sectorial-servizos-sociais","image":false,"all_day":true,"start_date":"2025-01-22 00:00:00","start_date_details":{"year":"2025","month":"01","day":"22","hour":"00","minutes":"00","seconds":"00"},"end_date":"2025-01-22 23:59:59","end_date_details":{"year":"2025","month":"01","day":"22","hour":"23","minutes":"59","seconds":"59"},"utc_start_date":"2025-01-21 23:00:00","utc_start_date_details":{"year":"2025","month":"01","day":"21","hour":"23","minutes":"00","seconds":"00"},"utc_end_date":"2025-01-22 22:59:59","utc_end_date_details":{"year":"2025","month":"01","day":"22","hour":"22","minutes":"59","seconds":"59"},"timezone":"Europe\/Madrid","timezone_abbr":"CET","cost":"","cost_details":{"currency_symbol":"","currency_code":"","currency_position":"","values":[]},"website":"https:\/\/agendaurbana.arteixo.org\/gl\/evento\/mesa-sectorial-servizos-sociais\/","show_map":true,"show_map_link":true,"hide_from_listings":false,"sticky":false,"featured":false,"categories":[{"name":"3 ACCIONES PARTICIPATIVAS","slug":"3-acciones-participativas-gl-2","term_group":0,"term_taxonomy_id":51,"taxonomy":"tribe_events_cat","description":"","parent":0,"count":9,"filter":"raw","id":51,"urls":{"self":"https:\/\/agendaurbana.arteixo.org\/gl\/wp-json\/tribe\/events\/v1\/categories\/51","collection":"https:\/\/agendaurbana.arteixo.org\/gl\/wp-json\/tribe\/events\/v1\/categories"}},{"name":"3 Mesas sectoriales","slug":"3-mesas-sectoriales-gl-2","term_group":0,"term_taxonomy_id":54,"taxonomy":"tribe_events_cat","description":"","parent":51,"count":7,"filter":"raw","id":54,"urls":{"self":"https:\/\/agendaurbana.arteixo.org\/gl\/wp-json\/tribe\/events\/v1\/categories\/54","collection":"https:\/\/agendaurbana.arteixo.org\/gl\/wp-json\/tribe\/events\/v1\/categories","up":"https:\/\/agendaurbana.arteixo.org\/gl\/wp-json\/tribe\/events\/v1\/categories\/51"}}],"tags":[],"venue":{"id":2092,"author":"1","status":"publish","date":"2023-12-18 10:10:50","date_utc":"2023-12-18 09:10:50","modified":"2023-12-18 10:10:50","modified_utc":"2023-12-18 09:10:50","url":"https:\/\/agendaurbana.arteixo.org\/gl\/recinto\/centro-arteixo-innovacion\/","venue":"Centro Arteixo Innovaci\u00f3n","description":"<p><img loading=\"lazy\" decoding=\"async\" class=\"alignnone size-medium wp-image-960\" src=\"https:\/\/agendaurbana.arteixo.org\/wp-content\/uploads\/2023\/12\/centroArteixoInnovacion-300x133.png\" alt=\"\" width=\"300\" height=\"133\"><\/p>","slug":"centro-arteixo-innovacion","address":"Centro Arteixo Innovaci\u00f3n","city":"Arteixo","country":"Espa\u00f1a","province":"A Coru\u00f1a","zip":"15142","phone":"981 659 145","website":"https:\/\/arteixo.org","stateprovince":"A Coru\u00f1a","json_ld":{"@type":"Place","name":"Centro Arteixo Innovaci\u00f3n","description":"","url":"","address":{"@type":"PostalAddress","streetAddress":"Centro Arteixo Innovaci\u00f3n","addressLocality":"Arteixo","addressRegion":"A Coru\u00f1a","postalCode":"15142","addressCountry":"Espa\u00f1a"},"telephone":"981 659 145","sameAs":"https:\/\/arteixo.org"},"show_map":true,"show_map_link":true,"global_id":"agendaurbana.arteixo.org\/gl\/?id=2092","global_id_lineage":["agendaurbana.arteixo.org\/gl\/?id=2092"]},"organizer":[{"id":2088,"author":"1","status":"publish","date":"2023-12-22 08:45:54","date_utc":"2023-12-22 07:45:54","modified":"2024-06-05 13:46:02","modified_utc":"2024-06-05 11:46:02","url":"https:\/\/agendaurbana.arteixo.org\/gl\/protagonista\/concello-de-arteixo\/","organizer":"Concello de Arteixo","description":"<p>[et_pb_section fb_built=&#8221;1&#8243; custom_padding_last_edited=&#8221;on|phone&#8221; _builder_version=&#8221;4.23.1&#8243; _module_preset=&#8221;default&#8221; custom_margin_tablet=&#8221;0px||||false|false&#8221; custom_margin_phone=&#8221;0px||||false|false&#8221; custom_margin_last_edited=&#8221;on|tablet&#8221; custom_padding_tablet=&#8221;0px||||false|false&#8221; custom_padding_phone=&#8221;0px||||false|false&#8221; global_colors_info=&#8221;{}&#8221;][et_pb_row use_custom_gutter=&#8221;on&#8221; admin_label=&#8221;A AXENDA URBANA&#8221; module_id=&#8221;agenda&#8221; _builder_version=&#8221;4.23.1&#8243; _module_preset=&#8221;default&#8221; width_tablet=&#8221;90%&#8221; width_phone=&#8221;95%&#8221; width_last_edited=&#8221;on|tablet&#8221; custom_margin=&#8221;||||false|false&#8221; custom_padding=&#8221;20px||||false|false&#8221; global_colors_info=&#8221;{}&#8221;][et_pb_column type=&#8221;4_4&#8243; _builder_version=&#8221;4.23.1&#8243; _module_preset=&#8221;default&#8221; global_colors_info=&#8221;{}&#8221;][et_pb_text admin_label=&#8221;Texto La Agenda Urbana&#8221; _builder_version=&#8221;4.23.1&#8243; _module_preset=&#8221;default&#8221; text_text_color=&#8221;#19437e&#8221; header_text_color=&#8221;#19437e&#8221; header_2_text_color=&#8221;#19437e&#8221; global_colors_info=&#8221;{}&#8221;]<\/p>\n<h2><i class=\"fa-solid fa-calendar-days\"><\/i> A AXENDA URBANA<\/h2>\n<p>[\/et_pb_text][et_pb_text _builder_version=&#8221;4.23.1&#8243; _module_preset=&#8221;default&#8221; text_orientation=&#8221;justified&#8221; custom_padding=&#8221;0px||||false|false&#8221; global_colors_info=&#8221;{}&#8221;]<\/p>\n<p>A Axenda Urbana \u00e9 un proceso colaborativo que involucra tanto a entidades p\u00fablicas como privadas dentro dun municipio. O seu prop\u00f3sito central radica en fomentar un desenvolvemento equitativo, xusto e sostible na contorna urbana. Esta iniciativa busca asegurar que as pol\u00edticas de desenvolvemento local estean ali\u00f1adas cos principios e obxectivos establecidos pola Axenda 2030, a nova Axenda Urbana das Naci\u00f3ns Unidas e os ali\u00f1amentos marcados pola Axenda Urbana Europea e Espa\u00f1ola.<\/p>\n<p>[\/et_pb_text][\/et_pb_column][\/et_pb_row][et_pb_row use_custom_gutter=&#8221;on&#8221; custom_padding_last_edited=&#8221;on|phone&#8221; admin_label=&#8221;Arteixo &#8221; _builder_version=&#8221;4.23.1&#8243; _module_preset=&#8221;default&#8221; width_tablet=&#8221;90%&#8221; width_phone=&#8221;95%&#8221; width_last_edited=&#8221;on|tablet&#8221; custom_margin=&#8221;||||false|false&#8221; custom_padding=&#8221;20px||||false|false&#8221; custom_padding_tablet=&#8221;20px||||false|false&#8221; custom_padding_phone=&#8221;0px||||false|false&#8221; global_colors_info=&#8221;{}&#8221;][et_pb_column type=&#8221;4_4&#8243; _builder_version=&#8221;4.23.1&#8243; _module_preset=&#8221;default&#8221; global_colors_info=&#8221;{}&#8221;][et_pb_text admin_label=&#8221;Texto Arteixo&#8221; _builder_version=&#8221;4.23.1&#8243; _module_preset=&#8221;default&#8221; text_text_color=&#8221;#19437e&#8221; header_text_color=&#8221;#19437e&#8221; header_2_text_color=&#8221;#19437e&#8221; global_colors_info=&#8221;{}&#8221;]<\/p>\n<h2>Arteixo<\/h2>\n<p>[\/et_pb_text][et_pb_text _builder_version=&#8221;4.23.1&#8243; _module_preset=&#8221;default&#8221; text_orientation=&#8221;justified&#8221; custom_padding=&#8221;0px||||false|false&#8221; global_colors_info=&#8221;{}&#8221;]<\/p>\n<p>A Axenda Urbana de Arteixo ten como prop\u00f3sito a integraci\u00f3n dos Obxectivos de Desenvolvemento Sostible no dese\u00f1o urbano, as\u00ed como abordar os distintos desaf\u00edos do desenvolvemento urbano que enfronta Arteixo. Neste sentido, colaboramos estreitamente cos diversos actores da sociedade arteix\u00e1 para impulsar os proxectos estrat\u00e9xicos identificados nas primeiras etapas.<\/p>\n<p>Esta participaci\u00f3n \u00e9 esencial no marco da Axenda Urbana, xa que contrib\u00fae a constru\u00edr unha visi\u00f3n compartida de Arteixo e avanzar cara a un futuro m\u00e1is sostible.<\/p>\n<p>A Axenda Urbana de Arteixo act\u00faa como unha motor clave para alcanzar os Obxectivos de Desenvolvemento Sostible e catalizar a transformaci\u00f3n da cidade mediante a execuci\u00f3n de proxectos que afronten os desaf\u00edos urbanos ata o 2030.<\/p>\n<p>[\/et_pb_text][\/et_pb_column][\/et_pb_row][et_pb_row use_custom_gutter=&#8221;on&#8221; custom_padding_last_edited=&#8221;on|tablet&#8221; admin_label=&#8221;FASES&#8221; module_id=&#8221;fases&#8221; _builder_version=&#8221;4.23.1&#8243; _module_preset=&#8221;default&#8221; width_tablet=&#8221;90%&#8221; width_phone=&#8221;95%&#8221; width_last_edited=&#8221;on|tablet&#8221; custom_margin=&#8221;||||false|false&#8221; custom_padding=&#8221;20px||||false|false&#8221; custom_padding_tablet=&#8221;20px||0px||false|false&#8221; custom_padding_phone=&#8221;20px||0px||false|false&#8221; global_colors_info=&#8221;{}&#8221;][et_pb_column type=&#8221;4_4&#8243; _builder_version=&#8221;4.23.1&#8243; _module_preset=&#8221;default&#8221; global_colors_info=&#8221;{}&#8221;][et_pb_text admin_label=&#8221;Texto  FASES&#8221; _builder_version=&#8221;4.23.1&#8243; _module_preset=&#8221;default&#8221; text_text_color=&#8221;#19437e&#8221; header_text_color=&#8221;#19437e&#8221; header_2_text_color=&#8221;#19437e&#8221; global_colors_info=&#8221;{}&#8221;]<\/p>\n<h2><i class=\"fa-solid fa-list\"><\/i> FASES<\/h2>\n<p>[\/et_pb_text][et_pb_text _builder_version=&#8221;4.23.1&#8243; _module_preset=&#8221;default&#8221; text_orientation=&#8221;justified&#8221; custom_padding=&#8221;0px||||false|false&#8221; global_colors_info=&#8221;{}&#8221;]<\/p>\n<p>A planificaci\u00f3n urbana de Arteixo pasou por un proceso de cinco etapas, seguindo as pautas metodol\u00f3xicas establecidas pola Axenda Urbana Espa\u00f1ola.<\/p>\n<p>[\/et_pb_text][\/et_pb_column][\/et_pb_row][et_pb_row column_structure=&#8221;1_2,1_2&#8243; use_custom_gutter=&#8221;on&#8221; make_equal=&#8221;on&#8221; custom_padding_last_edited=&#8221;on|phone&#8221; admin_label=&#8221;Diagn\u00f3stico Urbano | Marco Estrat\u00e9xico&#8221; _builder_version=&#8221;4.23.1&#8243; _module_preset=&#8221;default&#8221; width_tablet=&#8221;90%&#8221; width_phone=&#8221;95%&#8221; width_last_edited=&#8221;on|tablet&#8221; custom_margin=&#8221;||||false|false&#8221; custom_padding=&#8221;20px||||false|false&#8221; custom_padding_tablet=&#8221;20px||||false|false&#8221; custom_padding_phone=&#8221;||||false|false&#8221; global_colors_info=&#8221;{}&#8221;][et_pb_column type=&#8221;1_2&#8243; _builder_version=&#8221;4.23.1&#8243; _module_preset=&#8221;default&#8221; global_colors_info=&#8221;{}&#8221;][et_pb_text admin_label=&#8221;Texto Diagnostico Urbano&#8221; _builder_version=&#8221;4.23.1&#8243; _module_preset=&#8221;default&#8221; text_text_color=&#8221;#19437e&#8221; header_text_color=&#8221;#19437e&#8221; header_2_text_color=&#8221;#19437e&#8221; header_3_text_color=&#8221;#19437e&#8221; global_colors_info=&#8221;{}&#8221;]<\/p>\n<h3>Diagn\u00f3stico Urbano<\/h3>\n<p>[\/et_pb_text][et_pb_text _builder_version=&#8221;4.23.1&#8243; _module_preset=&#8221;default&#8221; text_orientation=&#8221;justified&#8221; custom_padding=&#8221;0px||||false|false&#8221; global_colors_info=&#8221;{}&#8221;]<\/p>\n<p>Determ\u00ednanse os desaf\u00edos e requisitos de Arteixo mediante a an\u00e1lise de datos descritivos, estat\u00edsticos e os plans xa establecidos polo municipio. Este resultado conforma o documento inicial que marca o comezo do proceso.<\/p>\n<p>[\/et_pb_text][et_pb_button button_url=&#8221;https:\/\/agendaurbana.arteixo.org\/wp-content\/uploads\/2023\/12\/Agenda-Urbana_HD-Arteixo.pdf&#8221; url_new_window=&#8221;on&#8221; button_text=&#8221;descargar Diagn\u00f3stico&#8221; _builder_version=&#8221;4.23.2&#8243; _module_preset=&#8221;default&#8221; custom_margin_tablet=&#8221;||20px||false|false&#8221; custom_margin_phone=&#8221;||20px||false|false&#8221; custom_margin_last_edited=&#8221;on|tablet&#8221; global_colors_info=&#8221;{}&#8221;][\/et_pb_button][\/et_pb_column][et_pb_column type=&#8221;1_2&#8243; _builder_version=&#8221;4.23.1&#8243; _module_preset=&#8221;default&#8221; global_colors_info=&#8221;{}&#8221;][et_pb_text admin_label=&#8221;Texto Marco Estrategico&#8221; _builder_version=&#8221;4.23.1&#8243; _module_preset=&#8221;default&#8221; text_text_color=&#8221;#19437e&#8221; header_text_color=&#8221;#19437e&#8221; header_2_text_color=&#8221;#19437e&#8221; header_3_text_color=&#8221;#19437e&#8221; global_colors_info=&#8221;{}&#8221;]<\/p>\n<h3>Marco Estrat\u00e9xico<\/h3>\n<p>[\/et_pb_text][et_pb_text _builder_version=&#8221;4.23.1&#8243; _module_preset=&#8221;default&#8221; text_orientation=&#8221;justified&#8221; custom_padding=&#8221;0px||||false|false&#8221; global_colors_info=&#8221;{}&#8221;]<\/p>\n<p>Util\u00edzanse os Obxectivos Estrat\u00e9xicos propostos pola Axenda Urbana Espa\u00f1ola para establecer os desaf\u00edos prioritarios e metas de Arteixo, sentando as\u00ed as bases do desenvolvemento e transformaci\u00f3n da cidade no horizonte 2030.<\/p>\n<p>[\/et_pb_text][\/et_pb_column][\/et_pb_row][et_pb_row column_structure=&#8221;1_2,1_2&#8243; use_custom_gutter=&#8221;on&#8221; custom_padding_last_edited=&#8221;on|phone&#8221; admin_label=&#8221;Plan de Acci\u00f3n | Sistema de Seguimento&#8221; _builder_version=&#8221;4.23.1&#8243; _module_preset=&#8221;default&#8221; width_tablet=&#8221;90%&#8221; width_phone=&#8221;95%&#8221; width_last_edited=&#8221;on|tablet&#8221; custom_margin=&#8221;||||false|false&#8221; custom_padding=&#8221;20px||||false|false&#8221; custom_padding_tablet=&#8221;20px||||false|false&#8221; custom_padding_phone=&#8221;0px||||false|false&#8221; global_colors_info=&#8221;{}&#8221;][et_pb_column type=&#8221;1_2&#8243; _builder_version=&#8221;4.23.1&#8243; _module_preset=&#8221;default&#8221; global_colors_info=&#8221;{}&#8221;][et_pb_text admin_label=&#8221;Texto Plan de Acci\u00f3n&#8221; _builder_version=&#8221;4.23.1&#8243; _module_preset=&#8221;default&#8221; text_text_color=&#8221;#19437e&#8221; header_text_color=&#8221;#19437e&#8221; header_2_text_color=&#8221;#19437e&#8221; header_3_text_color=&#8221;#19437e&#8221; global_colors_info=&#8221;{}&#8221;]<\/p>\n<h3>Plan de Acci\u00f3n<\/h3>\n<p>[\/et_pb_text][et_pb_text _builder_version=&#8221;4.23.1&#8243; _module_preset=&#8221;default&#8221; text_orientation=&#8221;justified&#8221; custom_padding=&#8221;0px||||false|false&#8221; global_colors_info=&#8221;{}&#8221;]<\/p>\n<p>Rex\u00edstranse os proxectos ou acci\u00f3ns planificadas ata o 2030, detallando o seu nivel de desenvolvemento, a s\u00faa evoluci\u00f3n temporal e o seu grao de concreci\u00f3n, co prop\u00f3sito de facilitar a s\u00faa execuci\u00f3n a curto, mediano e longo prazo.<\/p>\n<p>Este Plan, din\u00e1mico e axustable, representa a gu\u00eda local para dirixir a organizaci\u00f3n urbana e asegurar a obtenci\u00f3n de financiamiento doutras administraci\u00f3ns en busca da s\u00faa implementaci\u00f3n.<\/p>\n<p>[\/et_pb_text][et_pb_button button_url=&#8221;#&#8221; url_new_window=&#8221;on&#8221; button_text=&#8221;descargar Plan de Acci\u00f3n&#8221; _builder_version=&#8221;4.23.1&#8243; _module_preset=&#8221;default&#8221; custom_margin_tablet=&#8221;||20px||false|false&#8221; custom_margin_phone=&#8221;||20px||false|false&#8221; custom_margin_last_edited=&#8221;on|phone&#8221; global_colors_info=&#8221;{}&#8221;][\/et_pb_button][\/et_pb_column][et_pb_column type=&#8221;1_2&#8243; _builder_version=&#8221;4.23.1&#8243; _module_preset=&#8221;default&#8221; global_colors_info=&#8221;{}&#8221;][et_pb_text admin_label=&#8221;Texto Arteixo Industrial&#8221; _builder_version=&#8221;4.23.1&#8243; _module_preset=&#8221;default&#8221; text_text_color=&#8221;#19437e&#8221; header_text_color=&#8221;#19437e&#8221; header_2_text_color=&#8221;#19437e&#8221; header_3_text_color=&#8221;#19437e&#8221; global_colors_info=&#8221;{}&#8221;]<\/p>\n<h3>Sistema de Seguimento<\/h3>\n<p>[\/et_pb_text][et_pb_text _builder_version=&#8221;4.23.1&#8243; _module_preset=&#8221;default&#8221; text_orientation=&#8221;justified&#8221; custom_padding=&#8221;0px||||false|false&#8221; global_colors_info=&#8221;{}&#8221;]<\/p>\n<p>Util\u00edzanse os Obxectivos Estrat\u00e9xicos propostos pola Axenda Urbana Espa\u00f1ola para establecer os desaf\u00edos prioritarios e metas de Arteixo, sentando as\u00ed as bases do desenvolvemento e transformaci\u00f3n da cidade no horizonte 2030.<\/p>\n<p>[\/et_pb_text][\/et_pb_column][\/et_pb_row][et_pb_row use_custom_gutter=&#8221;on&#8221; admin_label=&#8221;Proxectos&#8221; _builder_version=&#8221;4.23.1&#8243; _module_preset=&#8221;default&#8221; width_tablet=&#8221;90%&#8221; width_phone=&#8221;95%&#8221; width_last_edited=&#8221;on|tablet&#8221; custom_margin=&#8221;||||false|false&#8221; custom_padding=&#8221;20px||||false|false&#8221; global_colors_info=&#8221;{}&#8221;][et_pb_column type=&#8221;4_4&#8243; _builder_version=&#8221;4.23.1&#8243; _module_preset=&#8221;default&#8221; global_colors_info=&#8221;{}&#8221;][et_pb_text admin_label=&#8221;Texto Proyectos&#8221; _builder_version=&#8221;4.23.1&#8243; _module_preset=&#8221;default&#8221; text_text_color=&#8221;#19437e&#8221; header_text_color=&#8221;#19437e&#8221; header_2_text_color=&#8221;#19437e&#8221; global_colors_info=&#8221;{}&#8221;]<\/p>\n<h2 style=\"text-align: center;\">PROXECTOS<\/h2>\n<p>[\/et_pb_text][et_pb_text _builder_version=&#8221;4.23.1&#8243; _module_preset=&#8221;default&#8221; custom_padding=&#8221;0px||||false|false&#8221; global_colors_info=&#8221;{}&#8221;]<\/p>\n<div class=\"_df_book df-lite\" id=\"827\"  data-title=\"\" wpoptions=\"true\" thumbtype=\"\" ><\/div>\n<p>[\/et_pb_text][\/et_pb_column][\/et_pb_row][et_pb_row use_custom_gutter=&#8221;on&#8221; custom_padding_last_edited=&#8221;on|tablet&#8221; admin_label=&#8221;PARTICIPACION&#8221; module_id=&#8221;participacion&#8221; _builder_version=&#8221;4.23.1&#8243; _module_preset=&#8221;default&#8221; width_tablet=&#8221;90%&#8221; width_phone=&#8221;95%&#8221; width_last_edited=&#8221;on|tablet&#8221; custom_margin=&#8221;||||false|false&#8221; custom_padding=&#8221;20px||||false|false&#8221; custom_padding_tablet=&#8221;20px||0px||false|false&#8221; custom_padding_phone=&#8221;20px||0px||false|false&#8221; global_colors_info=&#8221;{}&#8221;][et_pb_column type=&#8221;4_4&#8243; _builder_version=&#8221;4.23.1&#8243; _module_preset=&#8221;default&#8221; global_colors_info=&#8221;{}&#8221;][et_pb_text admin_label=&#8221;Texto PARTICIPACION&#8221; _builder_version=&#8221;4.23.1&#8243; _module_preset=&#8221;default&#8221; text_text_color=&#8221;#19437e&#8221; header_text_color=&#8221;#19437e&#8221; header_2_text_color=&#8221;#19437e&#8221; global_colors_info=&#8221;{}&#8221;]<\/p>\n<h2><i class=\"fa-solid fa-users-gear\"><\/i> PARTICIPACI\u00d3N<\/h2>\n<p>[\/et_pb_text][\/et_pb_column][\/et_pb_row][et_pb_row column_structure=&#8221;1_2,1_2&#8243; use_custom_gutter=&#8221;on&#8221; admin_label=&#8221;Imaxe | PARTICIPACION&#8221; _builder_version=&#8221;4.23.1&#8243; _module_preset=&#8221;default&#8221; width_tablet=&#8221;90%&#8221; width_phone=&#8221;95%&#8221; width_last_edited=&#8221;on|tablet&#8221; custom_margin=&#8221;||||false|false&#8221; custom_padding=&#8221;0px||||false|false&#8221; global_colors_info=&#8221;{}&#8221;][et_pb_column type=&#8221;1_2&#8243; _builder_version=&#8221;4.23.1&#8243; _module_preset=&#8221;default&#8221; global_colors_info=&#8221;{}&#8221;][et_pb_image src=&#8221;https:\/\/agendaurbana.arteixo.org\/wp-content\/uploads\/2023\/12\/ponteBrozos.jpg&#8221; _builder_version=&#8221;4.23.1&#8243; _module_preset=&#8221;default&#8221; global_colors_info=&#8221;{}&#8221;][\/et_pb_image][\/et_pb_column][et_pb_column type=&#8221;1_2&#8243; _builder_version=&#8221;4.23.1&#8243; _module_preset=&#8221;default&#8221; global_colors_info=&#8221;{}&#8221;][et_pb_text _builder_version=&#8221;4.23.1&#8243; _module_preset=&#8221;default&#8221; text_orientation=&#8221;justified&#8221; custom_padding=&#8221;0px|10px||10px|false|false&#8221; global_colors_info=&#8221;{}&#8221;]<\/p>\n<p>A Axenda Urbana de Arteixo enf\u00f3case nunha visi\u00f3n compartida do porvir do municipio, involucrando activamente \u00e1 comunidade na creaci\u00f3n do seu documento estrat\u00e9xico. Esta perspectiva busca a participaci\u00f3n externa, integrando diversos sectores sociais, econ\u00f3micos e institucionais para reflexionar en conxunto sobre o desenvolvemento sostible de Arteixo no futuro.<\/p>\n<p>Con este fin, promoveuse a participaci\u00f3n da sociedade, a econom\u00eda e as instituci\u00f3ns locais para reflexionar colectivamente sobre o futuro sostible de Arteixo.<\/p>\n<p>O proceso participativo, transparente e aberto, foi unha parte integral na elaboraci\u00f3n da Axenda Urbana de Arteixo, permitindo que os participantes contrib\u00faan coas s\u00faas ideas ao Plan de Acci\u00f3n desta Axenda Urbana.<\/p>\n<p>[\/et_pb_text][\/et_pb_column][\/et_pb_row][et_pb_row use_custom_gutter=&#8221;on&#8221; custom_padding_last_edited=&#8221;on|tablet&#8221; admin_label=&#8221;Acci\u00f3ns Realizadas&#8221; _builder_version=&#8221;4.23.1&#8243; _module_preset=&#8221;default&#8221; width_tablet=&#8221;90%&#8221; width_phone=&#8221;95%&#8221; width_last_edited=&#8221;on|tablet&#8221; custom_margin=&#8221;||||false|false&#8221; custom_padding=&#8221;20px||||false|false&#8221; custom_padding_tablet=&#8221;20px||0px||false|false&#8221; custom_padding_phone=&#8221;20px||0px||false|false&#8221; global_colors_info=&#8221;{}&#8221;][et_pb_column type=&#8221;4_4&#8243; _builder_version=&#8221;4.23.1&#8243; _module_preset=&#8221;default&#8221; global_colors_info=&#8221;{}&#8221;][et_pb_text admin_label=&#8221;Texto Acciones Realizadas&#8221; _builder_version=&#8221;4.23.1&#8243; _module_preset=&#8221;default&#8221; text_text_color=&#8221;#19437e&#8221; header_text_color=&#8221;#19437e&#8221; header_2_text_color=&#8221;#19437e&#8221; header_3_text_color=&#8221;#19437e&#8221; global_colors_info=&#8221;{}&#8221;]<\/p>\n<h3>Acci\u00f3ns Realizadas<\/h3>\n<p>[\/et_pb_text][decm_event_display event_count=&#8221;50&#8243; show_past=&#8221;on&#8221; columns=&#8221;4&#8243; view_more_text=&#8221;M\u00e1s Informaci\u00f3n&#8221; _builder_version=&#8221;4.23.2&#8243; _module_preset=&#8221;default&#8221; hover_enabled=&#8221;0&#8243; global_colors_info=&#8221;{}&#8221; use_current_loop=&#8221;on&#8221; show_location=&#8221;on&#8221; show_preposition=&#8221;off&#8221; show_price=&#8221;off&#8221; show_category=&#8221;off&#8221; show_data_one_line=&#8221;on&#8221; show_icon_label=&#8221;label&#8221; sticky_enabled=&#8221;0&#8243; locked=&#8221;off&#8221;][\/decm_event_display][\/et_pb_column][\/et_pb_row][\/et_pb_section]<\/p>","slug":"concello-de-arteixo","phone":"981 60 00 09","website":"https:\/\/arteixo.org","email":"correo@arteixo.org","json_ld":{"@type":"Person","name":"Concello de Arteixo","description":"&lt;p&gt;A AXENDA URBANAA Axenda Urbana \u00e9 un proceso colaborativo que involucra tanto a entidades p\u00fablicas como privadas dentro dun municipio. O seu prop\u00f3sito central radica en fomentar un desenvolvemento equitativo, [&hellip;]&lt;\/p&gt;\\n","url":"https:\/\/arteixo.org","telephone":"981 60 00 09","email":"co&#114;re&#111;&#64;&#97;&#114;&#116;ei&#120;o.org","sameAs":"https:\/\/arteixo.org"},"global_id":"agendaurbana.arteixo.org\/gl\/?id=2088","global_id_lineage":["agendaurbana.arteixo.org\/gl\/?id=2088"]}],"custom_fields":[],"json_ld":{"@context":"http:\/\/schema.org","@type":"Event","name":"Mesa Sectorial Servizos Sociais","description":"&lt;p&gt;Actores territoriais representantes do terceiro sector e entidades sociais con incidencia no \u00e1mbito territorial de Arteixo. \u2022 Obxecto da reuni\u00f3n: presentaci\u00f3n do marco correspondente \u00e1 candidatura #de acordo con a [&hellip;]&lt;\/p&gt;\\n","url":"https:\/\/agendaurbana.arteixo.org\/gl\/evento\/mesa-sectorial-servizos-sociais\/","eventAttendanceMode":"https:\/\/schema.org\/OfflineEventAttendanceMode","eventStatus":"https:\/\/schema.org\/EventScheduled","startDate":"2025-01-22T00:00:00+01:00","endDate":"2025-01-22T23:59:59+01:00","location":{"@type":"Place","name":"Centro Arteixo Innovaci\u00f3n","description":"","url":"","address":{"@type":"PostalAddress","streetAddress":"Centro Arteixo Innovaci\u00f3n","addressLocality":"Arteixo","addressRegion":"A Coru\u00f1a","postalCode":"15142","addressCountry":"Espa\u00f1a"},"telephone":"981 659 145","sameAs":"https:\/\/arteixo.org"},"organizer":{"@type":"Person","name":"Concello de Arteixo","description":"&lt;p&gt;A AXENDA URBANAA Axenda Urbana \u00e9 un proceso colaborativo que involucra tanto a entidades p\u00fablicas como privadas dentro dun municipio. O seu prop\u00f3sito central radica en fomentar un desenvolvemento equitativo, [&hellip;]&lt;\/p&gt;\\n","url":"https:\/\/arteixo.org","telephone":"981 60 00 09","email":"cor&#114;&#101;&#111;&#64;&#97;&#114;t&#101;&#105;&#120;&#111;.&#111;r&#103;","sameAs":"https:\/\/arteixo.org"},"performer":"Organization"}}