{"id":1563,"date":"2024-01-05T09:27:12","date_gmt":"2024-01-05T08:27:12","guid":{"rendered":"https:\/\/agendaurbana.arteixo.org\/?p=1563"},"modified":"2024-01-10T08:23:05","modified_gmt":"2024-01-10T07:23:05","slug":"respostas-cuestionario-1a-conferencia-estratexica-16-febreiro-2023","status":"publish","type":"post","link":"https:\/\/agendaurbana.arteixo.org\/gl\/respostas-cuestionario-1a-conferencia-estratexica-16-febreiro-2023\/","title":{"rendered":"Respostas do cuestionario da 1\u00aa Conferencia Estrat\u00e9xica celebrada o 16 de febreiro de 2023"},"content":{"rendered":"<p>Os datos recompilados do cuestionario da 1\u00aa Conferencia Estrat\u00e9xica revelan unha diversidade de perspectivas e enfoques entre os participantes. En termos xerais, obs\u00e9rvase un consenso significativo ao redor de certos temas clave, como a importancia de que Arteixo disp\u00f3n de contorna claramente empresarial.<\/p>\n<p>Os datos recompilados ofrecen unha panor\u00e1mica enriquecedora das percepci\u00f3ns e prioridades dos asistentes \u00e1 conferencia. Estes resultados ser\u00e1n fundamentais para orientar futuras discusi\u00f3ns estrat\u00e9xicas e para dese\u00f1ar acci\u00f3ns concretas que impulsen o \u00e9xito empresarial nunha contorna din\u00e1mica e desafiante.<\/p>\n<p>Podes ver os resultados das respostas ao cuestionario cumprimentado na conferencia estrat\u00e9xica:<\/p>\n<p><strong>RESPOSTAS DO CUESTIONARIO CUMPRIMENTADO NA CONFERENCIA ESTRAT\u00c9XICA CELEBRADA O 16.02.2023<\/strong><br \/>\nMESA 1 (MODERADORES: JOSEP M. PASCUAL\/LUZ MAR\u00cdA VILLA)<div class='et-learn-more clearfix'>\n\t\t\t\t\t<h3 class='heading-more'>1. Desde a perspectiva da s\u00faa entidade\/organizaci\u00f3n\/instituci\u00f3n, cales considera vostede que son os tres ou catro principais desaf\u00edos ou retos que Arteixo debe abordar para ga\u00f1ar o futuro?<span class='et_learnmore_arrow'><span><\/span><\/span><\/h3>\n\t\t\t\t\t<div class='learn-more-content'><strong>Territorial\/infraestruturas<\/strong><\/p>\n<ul>\n<li>Potenciar as sinerxias entre os pol\u00edgonos de Sab\u00f3n e Mor\u00e1s para finalizar e integrarse nun s\u00f3.<\/li>\n<li>Accesibilidade no auditorio a todas as asociaci\u00f3ns, non s\u00f3 a particulares e empresas alleas de Arteixo.<\/li>\n<li>Que se cumpran as leis de urbanismo, medio rural, sanidade, medio ambiente, seguridade e accesibilidade en Arteixo.<\/li>\n<li>Que A Penouqueira, monte s\u00edmbolo do Concello, que sexa parque natural.<\/li>\n<li>Plan urban\u00edstico para evitar cambios de uso do chan.<\/li>\n<li>Planificaci\u00f3n:\n<ul>\n<li>PXOM<\/li>\n<li>Adaptaci\u00f3n sociedade dixital<\/li>\n<li>Potenciaci\u00f3n rural<\/li>\n<\/ul>\n<\/li>\n<li>Cambio de paradigma enerx\u00e9tico: de centralizado a distribu\u00eddo.\n<ul>\n<li>Comunidades enerx\u00e9ticas<\/li>\n<li>Nas vivendas<\/li>\n<\/ul>\n<\/li>\n<li>Movilidad urbana e comarcal.<\/li>\n<li>Plan urbano: mellora de infraestruturas, potenciar o rural, sustentabilidade ambiental e humanizar a contorna.<\/li>\n<li>Acceso a novas tecnolox\u00edas para integrar a toda a poboaci\u00f3n.<\/li>\n<li>Acceso ao chan en funci\u00f3n das necesidades dos diferentes sectores.<\/li>\n<li>Necesidade dun Plan supramunicipal de mobilidade.<\/li>\n<li>Recuperaci\u00f3n estrat\u00e9xica dos espazos urbanos.<\/li>\n<li>Mellora das comunicaci\u00f3ns e as contornas naturais.<\/li>\n<li>Po\u00f1er en valor e protecci\u00f3n dos valores ambientais do Concello.<\/li>\n<li>Instrumento de plan ao servizo do cidad\u00e1n.<\/li>\n<li>Sacar a circulaci\u00f3n de coches da entrada e sa\u00edda do pol\u00edgono no medio da aldea (facer circunvalaci\u00f3n).<\/li>\n<li>Sacar o tr\u00e1fico pesado do n\u00facleo residencial.<\/li>\n<li>Activar as sendas peon\u00eds e abrir a ponte do encoro.<\/li>\n<li>Actualizar o Plan urban\u00edstico. Recuperar o transporte p\u00fablico como un servizo ao cidad\u00e1n.<\/li>\n<li>Comunicaci\u00f3ns (Transportes p\u00fablico e infraestruturas).<\/li>\n<li>Integraci\u00f3n rural-urbano.<\/li>\n<li>Conectividade espazos naturais e a s\u00faa mellora.<\/li>\n<li>Accesibilidade viaria.<\/li>\n<li>Continuaci\u00f3n co desenvolvemento das infraestruturas do ciclo da auga.<\/li>\n<li>Movilidad urbana sostible: instalaci\u00f3n de senllas peon\u00eds e ciclistas.<\/li>\n<li>Integraci\u00f3n e mellora paisax\u00edstica do encoro de Ou Rosadoiro (Sab\u00f3n).<\/li>\n<li>Maior variedade horaria do bus municipal nas parroquias co n\u00facleo de Arteixo.<\/li>\n<li>Chegada da fibra \u00f3ptica a todas as parroquias do municipio.<\/li>\n<li>Mellora nas condici\u00f3ns de contaminaci\u00f3n en Meicende dada a proximidade de empresas.<\/li>\n<li>Peonalizaci\u00f3n das r\u00faas para favorecer o comercio. As\u00ed mesmo e en relaci\u00f3n directa, mellora do aparcamento e creaci\u00f3n dun aparcamento expr\u00e9s.<\/li>\n<li>Saneamento e auga potable.<\/li>\n<li>Apertura de viais de 8 m de ancho que faciliten o acceso aos n\u00facleos rurais mellorando a seguridade viaria pola incorporaci\u00f3n de transporte p\u00fablico.<\/li>\n<li>Conexi\u00f3n de alta velocidade (internet) para que os nenos e maiores te\u00f1an igualdade de oportunidades nos n\u00facleos rurais como nas zonas urbanas.<\/li>\n<li>Servizos b\u00e1sicos garantidos como auga potable e redes de saneamento en n\u00facleos rurais.<\/li>\n<li>Plan de ordenaci\u00f3n municipal para co\u00f1ecer as posibilidades de mobilidade e desenvolvemento.<\/li>\n<li>Recuperaci\u00f3n de montes comunais para crear \u00e1reas de esparexemento e incrementar a seguridade do n\u00facleo rural en relaci\u00f3n cos incendios forestais.<\/li>\n<li>Transporte metropolitano que funcione.<\/li>\n<li>Ter unhas zonas exteriores cubertas onde se poidan facer actividades que te\u00f1an contacto coa natureza.<\/li>\n<li>Un novo Plan urban\u00edstico, XA!<\/li>\n<li>Carreiros peon\u00eds entre parroquias.<\/li>\n<li>Promoci\u00f3n do benestar dos veci\u00f1os mediante o impulso da mobilidade sostible.<\/li>\n<li>Fomentar a peonalizaci\u00f3n e creaci\u00f3n de carr\u00eds bici, as\u00ed como unha rede de pr\u00e9stamo ou alugueiro das propias bicis.<\/li>\n<li>Identificaci\u00f3n de espazos urbanos e naturais susceptibles de aproveitamento deportivo. Por exemplo, a explotaci\u00f3n de espazos acu\u00e1ticos naturais do municipio como o encoro de Sab\u00f3n ou Meicende para un uso recreativo e deportivo\u2014federado de actividades acu\u00e1ticas.<\/li>\n<li>Seguridade viaria: Pasos de pe\u00f3n elevados onde Estrela Galicia e dentro do pobo.<\/li>\n<li>Conectar beirarr\u00faas desde Ou Ra\u00f1al cara a Mercadona e cara a Arteixo.<\/li>\n<li>Coidar, conservar e manter o patrimonio natural e cultural: r\u00edos, mu\u00ed\u00f1os, etc.<\/li>\n<li>Humanizar a contorna: Carril bici, beirarr\u00faas, senllas peon\u00eds respectuosas coa natureza.<\/li>\n<li>Po\u00f1er en valor o mundo rural, con actividades de valor engadido e respectuosas co medioambiente, o sector agr\u00edcola e forestal e que permita a conservaci\u00f3n da contorna e a paisaxe.<\/li>\n<li>Coidar medioambiente o \u00e1mbito de Ou Ra\u00f1al (tratamento de residuos).<\/li>\n<li>Coidar o r\u00edo desde Arteixo ata a praia de Alba.<\/li>\n<li>Dispo\u00f1ibilidade de chan a prezo normal para que poidan montarse m\u00e1is empresas en Arteixo.<\/li>\n<li>Accesibilidade para maiores e discapacitados.<\/li>\n<li>Dispo\u00f1ibilidade de chan industrial alcanzable con servizos e comunicaci\u00f3ns.<\/li>\n<li>Achegar o tren ao pobo e o pol\u00edgono.<\/li>\n<li>Planificaci\u00f3n:\n<ul>\n<li>Disposici\u00f3n de chan industrial axustado \u00e1s necesidades das empresas.<\/li>\n<li>Plan urban\u00edstico<\/li>\n<li>Mellora continua en mantemento e humanizaci\u00f3n.<\/li>\n<\/ul>\n<\/li>\n<li>Servizos:\n<ul>\n<li>B\u00e1sicos: auga de calidade.<\/li>\n<li>De valor: sinerxias entre espazos empresariais, transporte colectivo, espazos de confluencia das empresas co \u00e1mbito urbano.<\/li>\n<\/ul>\n<\/li>\n<li>Accesibilidade universal no Concello de Arteixo.<\/li>\n<li>Dese\u00f1o e desenvolvemento de espazos urbanos baseados na accesibilidade universal (contando coa colaboraci\u00f3n e asesoramento de entidades do \u00e1mbito da discapacidade).<\/li>\n<li>Crear unha comunidade enerx\u00e9tica municipal e unha rede \u201cdistrict heating\u201d para os centros municipais e para os veci\u00f1os aproveitando o potencial termal do Concello.<\/li>\n<li>Potenciar espazos de riqueza natural e ambiental, coidando que sexan sostibles, recuperaci\u00f3n do patrimonio material e inmaterial.<\/li>\n<li>Espazos accesibles, humanizados. Fomentar a transici\u00f3n enerx\u00e9tica no municipio.<\/li>\n<li>Achegar o urbano ao rural.<\/li>\n<\/ul>\n<p><strong>Econ\u00f3mico<\/strong><\/p>\n<ul>\n<li>Dotar de espazos para instalar parques solares e e\u00f3licos para autoconsumo dos pol\u00edgonos.<\/li>\n<li>Maior promoci\u00f3n do Concello para todos aqueles for\u00e1neos que traballan no pol\u00edgono.<\/li>\n<li>Potenciar industrias desde a sustentabilidade e organizar infraestruturas.<\/li>\n<li>Desenvolver un proxecto de turismo industrial.<\/li>\n<li>Sustentabilidade de actividades econ\u00f3micas.<\/li>\n<li>Novos produtos tur\u00edsticos ligados \u00e1 Reserva da Biosfera.<\/li>\n<li>Apostar por unhas empresas sociais. Po\u00f1er en valor un Concello inclusivo.<\/li>\n<li>Campa\u00f1as de sensibilizaci\u00f3n e apoio ao comercio local.<\/li>\n<li>Integraci\u00f3n do crecemento do sector industrial cos pequenos n\u00facleos de poboaci\u00f3n illados.<\/li>\n<li>Conservar e po\u00f1er en valor o patrimonio material e inmaterial (Castros, praias&#8230;).<\/li>\n<li>Mellora das comunicaci\u00f3ns con outros lugares da provincia, potenciando o transporte colectivo para ser un eixo vertebrador.<\/li>\n<li>Fomentar e lograr a empregabilidade.<\/li>\n<li>Atracci\u00f3n de industrias de alto valor engadido e alta tecnolox\u00eda e fomentar a colaboraci\u00f3n cos centros tecnol\u00f3xicos e grupos de investigaci\u00f3n da Universidade co obxectivo de reter e captar m\u00e1is talento.<\/li>\n<li>Promocionar os nosos monumentos (Castros etc.)\/ etc.). Fomentar o turismo.<\/li>\n<li>Formaci\u00f3n a trav\u00e9s das empresas do Pol\u00edgono para fomentar e empregar a persoas de Arteixo.<\/li>\n<li>Explotar m\u00e1is o turismo (cultural, praias, espazos naturais\u2026). Facer un parque acu\u00e1tico, piscinas ao aire libre preto das praias.<\/li>\n<li>Apostar por empresas de econom\u00eda social.<\/li>\n<li>Aposta polo tecido empresarial local: PEMES e especialmente empresas de econom\u00eda social a trav\u00e9s de contrataci\u00f3n reservada (Disposici\u00f3n adicional 4\u00b0 da LCSP) e da concesi\u00f3n de chan industrial en Sab\u00f3n e Mor\u00e1s.<\/li>\n<li>Potenciar m\u00e1is a bolsa de traballo municipal e os plans de formaci\u00f3n segundo a demanda das empresas do Concello.<\/li>\n<li>Empresas de valor tecnol\u00f3xico no municipio que apoien ao comercio local.<\/li>\n<\/ul>\n<p><strong>Social<\/strong><\/p>\n<ul>\n<li>Potenciar a FP finalizando os ciclos e ampliando ramas, as\u00ed como as pr\u00e1cticas en empresas.<\/li>\n<li>Apertura de Centros Sociais e auditorios os domingos e festivos.<\/li>\n<li>Que A Baiuca, centro hist\u00f3rico do Concello, recup\u00e9rese, rehabilite, f\u00e1ganse beirarr\u00faas, varandas, iluminaci\u00f3n, limpeza.<\/li>\n<li>Socializaci\u00f3n-dinamizaci\u00f3n cultural, deportiva, lecer.<\/li>\n<li>Comunicaci\u00f3n xeral e interxeracional.<\/li>\n<li>Cubrir unha acci\u00f3n de actividades: non s\u00f3 deportivas, sen\u00f3n tam\u00e9n culturais gratu\u00edtas, que poden ser con colaboraci\u00f3n das asociaci\u00f3ns que xa mobilizan e traballan d\u00eda a d\u00eda coa poboaci\u00f3n de Arteixo.<\/li>\n<li>Traballar m\u00e1is directamente coas asociaci\u00f3ns que podemos axudar a chegar \u00e1 poboaci\u00f3n como medio de ligaz\u00f3n.<\/li>\n<li>Deporte e futuro van da man. O deporte de competici\u00f3n e de base son o futuro por todo o que garanten. O reto ser\u00eda enlazar o deporte municipal, escolar co deporte de competici\u00f3n para garantir futuro deportivo nos mozos.<\/li>\n<li>O municipio de Arteixo cumpre cos requisitos de servizos, hostaler\u00eda, accesibilidade para a organizaci\u00f3n de grandes eventos deportivos, pero non nas instalaci\u00f3ns acu\u00e1ticas. O reto ser\u00eda adaptalas para poder celebrar este tipo de eventos.<\/li>\n<li>Manter a memoria hist\u00f3rica: protexer e divulgar o patrimonio material e inmaterial.<\/li>\n<li>Promover o benestar veci\u00f1al: oferta de lecer e deporte, crecer a idea de \u201cArteixo \u00fanico\u201d. Integraci\u00f3n de nais e grupos desfavorecidos.<\/li>\n<li>Promover o envellecemento activo das persoas, inclu\u00edndoas como parte da sociedade.<\/li>\n<li>Fomento dos recursos naturais a nivel deportivo e lecer para a s\u00faa posta en valor.<\/li>\n<li>Introduci\u00f3n en todos os proxectos retos sociais de igualdade que prevexan situaci\u00f3ns de risco.<\/li>\n<li>Plan especial Zona circu\u00edto Autocr\u00f3s.<\/li>\n<li>Escola deportiva Autocr\u00f3s.<\/li>\n<li>Campionato de Europa Autocr\u00f3s.<\/li>\n<li>Mellorar e ampliar as infraestruturas deportivas aproveitando a contorna accesible.<\/li>\n<li>Facilitar o acceso \u00e1 pr\u00e1ctica deportiva a todo o espectro da poboaci\u00f3n con atenci\u00f3n a colectivos vulnerables.<\/li>\n<li>Vincular a oferta deportiva ao \u00e1mbito sanitario.<\/li>\n<li>M\u00e1s apoio econ\u00f3mico e de infraestruturas a instituci\u00f3ns ben\u00e9ficas\/parroquiais.<\/li>\n<li>Atopamos a falta dun museo onde non esquecer o pasado.<\/li>\n<li>Envellecemento con autonom\u00eda.<\/li>\n<li>Necesidade dun local m\u00e1is grande (asociaci\u00f3n pensionistas e xubilados).<\/li>\n<li>Coidado da poboaci\u00f3n maior.<\/li>\n<li>Prevenci\u00f3n da soidade non desexada.<\/li>\n<li>Prevenci\u00f3n do illamento.<\/li>\n<li>Confluencia de empresas, comercio e entidades deportivas.<\/li>\n<li>Asistencia m\u00e9dica a domicilio.<\/li>\n<li>A formaci\u00f3n profesional \u00e9 moi deficitaria.<\/li>\n<li>Demanda de instalaci\u00f3ns convencionais deportivas e accesibles a todos.<\/li>\n<li>Un centro de actividades dedicado \u00e1 mocidade.<\/li>\n<li>M\u00e1s residencias de maiores.<\/li>\n<li>M\u00e1s espazos para a mocidade.<\/li>\n<li>A Casa das Artes.<\/li>\n<li>Mellorar os accesos \u00e1s instalaci\u00f3ns deportivas de Meicende. Accesos exteriores.<\/li>\n<li>Creaci\u00f3n dunha praza onde se enmarque a escola e un centro de maiores para un proxecto interxeracional.<\/li>\n<li>Creaci\u00f3n de espazos dirixidos ao lecer, sobre todo xuvenil.<\/li>\n<li>Axudas \u00e1 terceira idade.<\/li>\n<li>Coidado dos centros educativos: infraestruturas, contorna, espazos&#8230;<\/li>\n<li>Coordinaci\u00f3n dos servizos sociais cos centros, espazos e puntos de encontro.<\/li>\n<li>Conseguir patrocinios privados que repercutan tam\u00e9n nesas empresas (retorno).<\/li>\n<li>M\u00e1s instalaci\u00f3ns deportivas.<\/li>\n<li>Garantir que ningu\u00e9n quede sen poder practicar deporte por motivos econ\u00f3micos ou de espazo.<\/li>\n<li>Educaci\u00f3n ambiental \u00e1 cidadan\u00eda.<\/li>\n<li>Adecuaci\u00f3n dos centros educativos \u00e1s necesidades actuais. Coordinaci\u00f3n cos servizos sociais do Concello.<\/li>\n<li>Formaci\u00f3n ao profesorado para participar no proxecto Arteixo innovaci\u00f3n, as\u00ed como acordar cos centros participantes as condici\u00f3ns e aspectos deste proxecto.<\/li>\n<li>Xerar espazos comunitarios de convivencia nos que se integre toda a poboaci\u00f3n.<\/li>\n<li>Favorecer a acci\u00f3n socioeducativa de proximidade desde os Servizos sociais abandonando o asistencialismo.<\/li>\n<li>Favorecer factores de protecci\u00f3n coa poboaci\u00f3n en situaci\u00f3n de vulnerabilidade.<\/li>\n<li>Accesibilidade integral para persoas con discapacidade.<\/li>\n<li>Formaci\u00f3n do profesorado para a implementaci\u00f3n de metodolox\u00edas innovadoras coas TIC.<\/li>\n<li>Necesidade de m\u00e1is espazos p\u00fablicos para realizar eventos, unha Casa d\u00e1 Cultura ou Centros multiusos.<\/li>\n<li>Crear un recuncho do xadrez ao aire libre con mesa de xadrez nalg\u00fan parque ou paseo fluvial.<\/li>\n<li>Potenciar m\u00e1is o mar de Arteixo con deportes de vela e porto deportivo.<\/li>\n<li>Servizos p\u00fablicos destinados \u00e1 mocidade por ser o colectivo con m\u00e1is carencias e menos oportunidades.<\/li>\n<li>Atenci\u00f3n psicosocial efectiva.<\/li>\n<li>Lograr maiores competencias no \u00e1mbito educativo para a administraci\u00f3n local.<\/li>\n<li>Aumentar a oferta educativa no municipio.<\/li>\n<li>Avanzar na ampliaci\u00f3n da rede de recursos de apoio \u00e1 conciliaci\u00f3n.<\/li>\n<li>Aumentar o baremo de rendas nas subvenci\u00f3ns para familias usuarias do comedor escolar.<\/li>\n<li>Determinadas horas da semana para ensinar a linguaxe de signos aos m\u00e1is novos.<\/li>\n<li>Sa\u00eddas organizadas cunha gu\u00eda por Arteixo para co\u00f1ecer o Concello.<\/li>\n<li>Abrir ao futuro o proxecto Arteixo Innovaci\u00f3n con novas formas de actuaci\u00f3ns: formaci\u00f3n continua para os centros.<\/li>\n<li>Formaci\u00f3n continua que hai que facer extensiva aos distintos axentes: familias, mocidade.<\/li>\n<li>Axilizar e mellorar as dotaci\u00f3ns de recursos pensando na mellor maneira de afrontar o futuro sen caer na simple achega de materiais.<\/li>\n<li>Atenci\u00f3n \u00e1 diversidade e a integraci\u00f3n @teniendo en cuenta a multiculturalidad que define ao Concello.<\/li>\n<li>Plan de residencias para a terceira idade (Centro de d\u00eda).<\/li>\n<li>Desenvolvo de instrumentos e plataformas tecnol\u00f3xicas, dentro de contornas cun enfoque eminentemente deportivo, orientados a dinamizar e guiar a pr\u00e1ctica de actividade f\u00edsica\/ P. ex.: T\u00f3tems interactivos en parques biosaudables.<\/li>\n<li>Apoio a iniciativas que fomenten a promoci\u00f3n do deporte a trav\u00e9s de diferentes f\u00f3rmulas de colaboraci\u00f3n p\u00fablico-privada, fomentando v\u00ednculos intramunicipales que deriven nunha maior sa\u00fade e calidade de vida dos arteix\u00e1ns.<\/li>\n<li>Empresas ou centros de adestramento que formen a traballadores en educaci\u00f3n corporal no \u00e1mbito laboral, previndo a aparici\u00f3n de dores e reducindo o absentismo laboral.<\/li>\n<li>Ampliar a oferta de FP en consonancia coa actividade econ\u00f3mica do Concello.<\/li>\n<li>Contar con novas instalaci\u00f3ns que permitan aplicar novas formas pedag\u00f3xicas que hoxe son imposibles de aplicar por infraestruturas r\u00edxidas ou escasas.<\/li>\n<li>A mozos e maiores: actividades interxeracionais, espazos p\u00fablicos.<\/li>\n<li>Actividades sociais no local da Asociaci\u00f3n veci\u00f1al Ou Ra\u00f1al para maiores que compartan tempo e experiencias.<\/li>\n<li>Formaci\u00f3n integral ao ou longo da vida para permitir a reciclaxe de profesionais.<\/li>\n<li>Formaci\u00f3n accesible e universal.<\/li>\n<li>Coidar e protexer aos maiores.<\/li>\n<li>Apoiar \u00e1s entidades deportivas na s\u00faa profesionalizaci\u00f3n e formaci\u00f3n para promover a educaci\u00f3n integral dos deportistas en etapa escolar.<\/li>\n<li>Ampliar os recursos materiais e instalaci\u00f3ns deportivas.<\/li>\n<li>Facer un seguimento das necesidades dos clubs deportivos.<\/li>\n<li>Potenciaci\u00f3n, dinamizaci\u00f3n e recuperaci\u00f3n das romar\u00edas; entre elas, a de San Miguel.<\/li>\n<li>Posta en valor do patrimonio hist\u00f3rico: Castro de Pastoriza.<\/li>\n<li>Creaci\u00f3n dun museo etnogr\u00e1fico de referencia para toda a comarca.<\/li>\n<li>Posta en valor dos petr\u00f3glifos de Fontes Vellas e as minas de esta\u00f1o e wolframio.<\/li>\n<li>Escavaci\u00f3n dalg\u00fan dos numerosos Castros que hai no municipio. Se aposta polo de Pastoriza.<\/li>\n<li>Recuperaci\u00f3n termal en Arteixo e Loureda.<\/li>\n<li>Aumento dos recursos sociais para dependencia e discapacidade en calquera etapa da vida.<\/li>\n<li>M\u00e1s recursos en apoio aos maiores e m\u00e1is valor deles na sociedade.<\/li>\n<li>Fomentar m\u00e1is actividades culturais (concertos, musicais&#8230;) para a mocidade\/adolescencia.<\/li>\n<li>Publicitar Arteixo nos medios de comunicaci\u00f3n (pantallas con fotos na entrada e sa\u00edda de Arteixo).<\/li>\n<li>Novo auditorio que responda as expectativas do tecido cultural municipal: iluminaci\u00f3n, camerinos, servizos necesarios.<\/li>\n<li>Salga de danza e fomento da mesma como medio de expresi\u00f3n cultural e terapia.<\/li>\n<li>Promover programas de lecer gratu\u00edtos para a poboaci\u00f3n e adhesi\u00f3n a programas de intercambio\/irmandamento con cidades europeas.<\/li>\n<li>Servizos de atenci\u00f3n temper\u00e1 de calidade (servizos sociais potenciais).<\/li>\n<li>Reforzo dos servizos sociais (residencias, centros de d\u00eda e centros de recursos para persoas con discapacidade, servizos de atenci\u00f3n temper\u00e1\u2026etc.).<\/li>\n<li>Potenciar a formaci\u00f3n profesional no Concello demandando a creaci\u00f3n dun novo centro m\u00e1is amplo que o actual.<\/li>\n<\/ul>\n<p><strong>Gobernanza<\/strong><\/p>\n<ul>\n<li>Facilitar e reducir os diferentes tr\u00e1mites co Concello e outras administraci\u00f3ns.<\/li>\n<li>Desenvolvo dunha planificaci\u00f3n global.<\/li>\n<li>Identificaci\u00f3n do papel que se xoga na \u00e1rea metropolitana.<\/li>\n<li>Facilitar a elaboraci\u00f3n de proxectos colaborativos creando terreos de uso dotacional que permita crear proxectos (promoci\u00f3n de envellecemento activo&#8230;).<\/li>\n<li>Establecer m\u00e1is colaboraci\u00f3n con entidades culturais e deportivas.<\/li>\n<li>Creaci\u00f3n de servizos de comunicaci\u00f3n co n\u00facleo de Arteixo e coa Coru\u00f1a.<\/li>\n<li>Optimizar os recursos (deportivos) para posicionar ao Concello e \u00e1s entidades como un referente.<\/li>\n<li>Facilitar a vida ao cidad\u00e1n na s\u00faa relaci\u00f3n coa Administraci\u00f3n (simplificaci\u00f3n de tr\u00e1mites, informaci\u00f3n apoio).<\/li>\n<li>Integraci\u00f3n dos servizos p\u00fablicos.<\/li>\n<li>M\u00e1s encontros, colaboraci\u00f3n, comunicaci\u00f3n con Concello e servizos sociais para diminu\u00edr a cronificaci\u00f3n da pobreza.<\/li>\n<li>Cooperaci\u00f3n urbano-rural (Consumo de proximidade, por exemplo)<\/li>\n<li>Colaboraci\u00f3n entre o Concello e os clubs deportivos.<\/li>\n<li>Promocionar o municipio dado que \u00e9 co\u00f1ecido a nivel internacional (INDITEX) e isto axudar\u00eda a promocionar o comercio local.<\/li>\n<li>Apoio para aprender a inform\u00e1tica.<\/li>\n<li>Coordinaci\u00f3n real e efectiva entre departamentos (municipais).<\/li>\n<li>Fidelizar a poboaci\u00f3n de forma que se potencie o crecemento coa implantaci\u00f3n de servizos culturais, deportivos e de envellecemento activo.<\/li>\n<li>Cohesionar aos veci\u00f1os para que te\u00f1amos un obxectivo com\u00fan e facilitemos a s\u00faa execuci\u00f3n, permitindo a acometida das infraestruturas (\u2026).<\/li>\n<li>M\u00e1s difusi\u00f3n e publicidade municipal dos clubs, asociaci\u00f3ns e eventos que se realizan no Concello.<\/li>\n<li>Simplificaci\u00f3n administrativa pensada por e para a cidadan\u00eda.<\/li>\n<li>Coordinaci\u00f3n entre os centros c\u00edvicos do municipio.<\/li>\n<li>Contar coa axuda do Concello na concienciaci\u00f3n das empresas para unha maior colaboraci\u00f3n (FCT, documentaci\u00f3n\/proceso&#8230;)<\/li>\n<li>Formaci\u00f3n desde a colaboraci\u00f3n cos colexios, centros de secundaria e FP para adquirir competencias dixitais e traballo colaborativo, talleres industriais e tecnol\u00f3xicos: \u201caprender facendo\u201d.<\/li>\n<li>Abrir unha canle de comunicaci\u00f3n e colaboraci\u00f3n entre os Centros educativos e os clubs\/escolas deportivas do Concello.<\/li>\n<li>Axilizar a relaci\u00f3n dos servizos municipais coas empresas.<\/li>\n<li>Xesti\u00f3n:\n<ul>\n<li>As peculiaridades que expo\u00f1en os tr\u00e1mites empresariais xustifican un procedemento de xesti\u00f3n unificado que facilite o seguimento dos expedientes e evite atrasos.<\/li>\n<\/ul>\n<\/li>\n<li>Retomar os \u201cConsellos participativos\u201d e a organizaci\u00f3n de cursos dirixidos ao tecido asociativo.<\/li>\n<li>Potenciar espazos e foros de encontro permanente co tecido asociativo para propiciar o dese\u00f1o das pol\u00edticas municipais.<\/li>\n<li>Fomentar a participaci\u00f3n cidad\u00e1 de maneira activa mediante foros, encontros.<\/li>\n<\/ul><\/div>\n\t\t\t\t<\/div><div class='et-learn-more clearfix'>\n\t\t\t\t\t<h3 class='heading-more'>2. Cales considera vostede que son os proxectos ou programas m\u00e1is importantes (un m\u00e1ximo de tres) que a s\u00faa entidade\/organizaci\u00f3n\/asociaci\u00f3n est\u00e1 a realizar, ou que deber\u00eda realizar nun futuro pr\u00f3ximo, que poidan dar resposta aos desaf\u00edos identificados do municipio?<span class='et_learnmore_arrow'><span><\/span><\/span><\/h3>\n\t\t\t\t\t<div class='learn-more-content'><strong>Territorial\/infraestruturas<\/strong><\/p>\n<ul>\n<li>Planificaci\u00f3n xeral.<\/li>\n<li>Movilidad sostible.<\/li>\n<li>Infraestrutura verde.<\/li>\n<li>Mar de Sorrizo.<\/li>\n<li>Regularizaci\u00f3n urban\u00edstica da Zona do circu\u00edto de Autocr\u00f3s.<\/li>\n<li>Habitual uso das instalaci\u00f3ns do circu\u00edto de Autocr\u00f3s.<\/li>\n<li>Posicionamento como cidade ligada e comprometida coa sustentabilidade (pegada de carbono e os Eco-comedores).<\/li>\n<li>Mellora ambiental dos espazos naturais, promovendo a s\u00faa conectividade. (Infraestrutura verde).<\/li>\n<li>Estaci\u00f3n de tratamento de auga potable de Sab\u00f3n.<\/li>\n<li>Conduci\u00f3n de auga potable e estanques de tormenta do Pol\u00edgono de Mor\u00e1s.<\/li>\n<li>Eliminar o tr\u00e1fico pesado do centro urbano. Facer unha v\u00eda de circunvalaci\u00f3n.<\/li>\n<li>Creaci\u00f3n de prazas de aparcamento.<\/li>\n<li>Desenvolvo da infraestrutura verde para a integraci\u00f3n das redes de infraestruturas co medio ambiente.<\/li>\n<li>Programa de actuaci\u00f3n ambiental.<\/li>\n<li>Senda peonil da contorna perimetral de refiner\u00eda de petr\u00f3leo (Meicende, Borroa,<\/li>\n<li>Nosti\u00e1n, Praia de Bens).<\/li>\n<li>Sacar o tr\u00e1fico pesado e perigoso de Meicende.<\/li>\n<li>Plans de accesibilidade: supervisi\u00f3n de obras, asesoramento en espazos inclusivos.<\/li>\n<li>Elaboraci\u00f3n de Plans de accesibilidade para as AAPP e asesoramento integral en materia de dese\u00f1o dos espazos urbanos accesibles e mobilidade.<\/li>\n<li>Participar no desenvolvemento dunha rede enerx\u00e9tica municipal.<\/li>\n<\/ul>\n<p><strong>Econ\u00f3mico<\/strong><\/p>\n<ul>\n<li>\u201cCopiar\u201d proxectos xa existentes noutras cidades referidos a turismo industrial.<\/li>\n<li>Posta en marcha de novos produtos ecotur\u00edsticos enmarcados na Reserva da Biosfera. Marca Paraugas (Estratexia Ecoturismo)<\/li>\n<li>Incrementar a promoci\u00f3n tur\u00edstica do municipio.<\/li>\n<li>Contactar coas empresas de Arteixo para fomentar a uni\u00f3n e futura promoci\u00f3n do noso comercio.<\/li>\n<li>Contacto con INDITEX para valorar a posibilidade de apertura de tendas.<\/li>\n<li>Segunda fase parte da campa\u00f1a \u201cForma parte de ti\u201d onde o cliente \u00e9 a parte principal e a protagonista.<\/li>\n<li>Iniciativas empresariais de iniciativa social (sen \u00e1nimo de lucro) en distintos sectores, a destacar entre eles os de tratamento de residuos e o da xardiner\u00eda.<\/li>\n<li>Programas de innovaci\u00f3n tecnol\u00f3xica en todos os sectores: econ\u00f3mico, social.<\/li>\n<\/ul>\n<p><strong>Social<\/strong><\/p>\n<ul>\n<li>Premio de Oratoria &#8220;Filomena Dato\u201d. Case o \u00fanico en Galicia, con varias edici\u00f3ns. (sen axudas do Concello).<\/li>\n<li>Proxecto: Arteixo na memoria.<\/li>\n<li>Proxectos solidarios con entidades de Arteixo nos que se tente axudar \u00e1 poboaci\u00f3n e colaborar de maneira social.<\/li>\n<li>Participaci\u00f3n dos clubs deportivos nas actividades deportivas de ver\u00e1n, charlas en colexios (este ano por primeira vez).<\/li>\n<li>Organizaci\u00f3n de eventos dentro das posibilidades da instalaci\u00f3n da piscina municipal, ligas territoriais, zonais\u2026<\/li>\n<li>Arteixo innovaci\u00f3n.<\/li>\n<li>Realizaci\u00f3n de vivendas colaborativas para maiores no Concello de Arteixo.<\/li>\n<li>Recuperar o patrimonio cultural (por ex. Castro de Pastoriza) garantindo o seu mantemento para optimizar o seu uso.<\/li>\n<li>Baixar o n\u00famero de usuarios e promocionar (a nivel laboral) aos m\u00e1is vulnerables.<\/li>\n<li>Espazo f\u00edsico (local) para establecer un economato.<\/li>\n<li>Proxectos e programas para persoas maiores con Alzheimer.<\/li>\n<li>Crear aula de estudos.<\/li>\n<li>Formaci\u00f3n propia de instrutores nos clubs de Meicende.<\/li>\n<li>Ampliaci\u00f3n do proxecto Arteixo Innovaci\u00f3n a parte formativa \u00e1 comunidade educativa, formaci\u00f3n dixital.<\/li>\n<li>Achegar o patrimonio do municipio aos centros educativos mediante un programa que poida ser co\u00f1ecido pola comunidade educativa. Aproveitar o recurso do patrimonio cultural e natural.<\/li>\n<li>Levar o baloncesto a todos os lugares do Concello.<\/li>\n<li>Implementaci\u00f3n das novas tecnolox\u00edas no d\u00eda a d\u00eda de cada centro. Metodolox\u00edas innovadoras.<\/li>\n<li>Intervenci\u00f3n socioeducativa coa poboaci\u00f3n.<\/li>\n<li>Acci\u00f3ns de dinamizaci\u00f3n comunitaria.<\/li>\n<li>Servizo de atenci\u00f3n para persoas xordas.<\/li>\n<li>Atenci\u00f3n no rural a persoas con discapacidade auditiva.<\/li>\n<li>Formaci\u00f3n, informaci\u00f3n e orientaci\u00f3n de persoas con discapacidade auditiva.<\/li>\n<li>Creaci\u00f3n de espazos: arquitectura pedag\u00f3xica para o s\u00e9culo XXI.<\/li>\n<li>Construci\u00f3n da aula ambiental MAR DE SORRIZO para interpretar a costa do municipio.<\/li>\n<li>Proxecto Arteixo Innovaci\u00f3n.<\/li>\n<li>Plan de igualdade que se achegue \u00e1s aulas dos distintos centros (educativos) do Concello.<\/li>\n<li>Programa de loita contra o trapicheo. Seguimos vixilancia.<\/li>\n<li>Continuidade da formaci\u00f3n b\u00e1sica con estudos medios e superiores que permitan reducir os \u00edndices de fracaso escolar e a inadaptaci\u00f3n da poboaci\u00f3n do municipio, especialmente da recentemente chegada.<\/li>\n<li>Mellorar a captaci\u00f3n de RRHH con formaci\u00f3n adecuada para facilitar que os clubs dean formaci\u00f3n integral aos seus deportistas.<\/li>\n<li>Potenciaci\u00f3n do San Miguel e a Romar\u00eda das Mulleres.<\/li>\n<li>Creaci\u00f3n do documental Pastoriza na lembraza.<\/li>\n<li>Obra teatral Porlier en Pastoriza.<\/li>\n<li>Accesibilidade para todo tipo de discapacitados.<\/li>\n<li>Realizaci\u00f3n de traballos audiovisuais (memoria do municipio).<\/li>\n<li>Analizar as necesidades da poboaci\u00f3n maior e darlle resposta.<\/li>\n<li>Promover a calidade de vida das persoas maiores e das s\u00faas familias.<\/li>\n<li>Fomento da danza como terapia, sonoridade para todo tipo de idades.<\/li>\n<li>Fomento da cultura e a artesan\u00eda local e for\u00e1nea.<\/li>\n<li>Empresas de xardiner\u00eda, residuos, servizos de residencias.<\/li>\n<li>Xesti\u00f3n de centros de maiores e de persoas con discapacidade seguindo un modelo centrado na persoa (apostando pola autoestima fronte \u00e1 dependencia).<\/li>\n<li>Participar nas escolas de formaci\u00f3n de persoas desempregadas.<\/li>\n<li>Programas de iniciativa social: aproveitar o recurso dos maiores para os m\u00e1is novos.<\/li>\n<\/ul>\n<p><strong>Gobernanza<\/strong><\/p>\n<ul>\n<li>M\u00e1s colaboraci\u00f3n entre nosas tres C\u00e1ritas do Concello<\/li>\n<li>M\u00e1s atenci\u00f3n \u00e1s parroquias, todos os servizos c\u00e9ntranse no n\u00facleo urbano.<\/li>\n<li>Concienciaci\u00f3n do medio ambiente e da contorna pr\u00f3xima.<\/li>\n<li>Aplicar o principio \u201cque podo facer eu polo meu Concello\u201d eliminando\/minimizando o de \u201cque pode facer o Concello por min\u201d.<\/li>\n<li>Creaci\u00f3n dunha sinerxia real e non te\u00f3rica entre o tecido empresarial e o educativo. Por exemplo: a ampliaci\u00f3n de estad\u00edas de profesorado nas empresas e traballos coa documentaci\u00f3n e o material empregado por estes.<\/li>\n<li>Centro con m\u00faltiples espazos e colaboraci\u00f3n con entidades educativas como a universidade (en especial a universidade senior) pero tam\u00e9n para a formaci\u00f3n dos maiores para un envellecemento activo.<\/li>\n<li>Cooperar para que a oferta deportiva extraescolar vaia no mesmo cami\u00f1o que o proxecto educativo dos centros.<\/li>\n<li>Manter viva a memoria dos nosos maiores e do Arteixo de outrora.<\/li>\n<li>Intercambios culturais con outras cidades europeas.<\/li>\n<\/ul><\/div>\n\t\t\t\t<\/div><\/p>\n<a href='https:\/\/agendaurbana.arteixo.org\/wp-content\/uploads\/2024\/01\/20230216_Mesa-1_Respostas.pdf' class='small-button smallwhite' target=\"_blank\">Descargar<\/a>\n<p>&nbsp;<\/p>\n<p><strong>RESPOSTAS DO CUESTIONARIO CUMPRIMENTADO NA CONFERENCIA ESTRAT\u00c9XICA CELEBRADA O 16.02.2023<\/strong><br \/>\nMESA 2 (MODERADORES: M\u00d3NICA CAMPOS\/JUAN ARREDONDO)<div class='et-learn-more clearfix'>\n\t\t\t\t\t<h3 class='heading-more'>1. Desde a perspectiva da s\u00faa entidade\/organizaci\u00f3n\/instituci\u00f3n, cales considera vostede que son os tres ou catro principais desaf\u00edos ou retos que Arteixo debe abordar para ga\u00f1ar o futuro?<span class='et_learnmore_arrow'><span><\/span><\/span><\/h3>\n\t\t\t\t\t<div class='learn-more-content'><strong>Territorial\/infraestruturas<\/strong><\/p>\n<ul>\n<li>Humanizaci\u00f3n dos n\u00facleos industriais a trav\u00e9s da oferta de lecer e deportiva.<\/li>\n<li>Dotar de instalaci\u00f3ns \u00e1 medida dos eventos deportivos do Concello.<\/li>\n<li>Loitar por unha autov\u00eda gratu\u00edta.<\/li>\n<li>Quitar a gasolineira do centro de Arteixo que \u00e9 unha vergo\u00f1a.<\/li>\n<li>Garantir a implantaci\u00f3n dos servizos p\u00fablicos b\u00e1sicos, en especial, auga, rede de sumidoiros.<\/li>\n<li>Dotar de acceso a internet a todo o municipio.<\/li>\n<li>Garantir a mobilidade tanto interna, dentro do municipio, como cos Concellos lindeiros. Desprazamentos a Centros de sa\u00fade, a Centros deportivos, Centros sociais, ao traballo\u2026)<\/li>\n<li>Mellor mobilidade entre parroquias, co n\u00facleo de Arteixo e coa cidade da Coru\u00f1a.<\/li>\n<li>Un programa amplo de proxectos para enerx\u00edas limpas desde produci\u00f3n de electricidade ata unha menor circulaci\u00f3n de veh\u00edculos di\u00e9sel e de gasolina, contaminaci\u00f3n dos pol\u00edgonos e Porto Exterior.<\/li>\n<li>Un sistema onde, en todas as parroquias, zonas lim\u00edtrofes e interiores do Concello, t\u00e9\u00f1ase acceso \u00e1s novas tecnolox\u00edas, as\u00ed como a internet.<\/li>\n<li>Conservar espazos verdes e humanizaci\u00f3n do Concello.<\/li>\n<li>Dinamizar o litoral do municipio.<\/li>\n<li>Un Plan urban\u00edstico.<\/li>\n<li>Humanizaci\u00f3n dos pol\u00edgonos do municipio.<\/li>\n<li>Mellorar a comunicaci\u00f3n entre zonas rurais e centro urbano.<\/li>\n<li>Movilidad, especialmente nos pol\u00edgonos.<\/li>\n<li>Seguridade viaria: beirarr\u00faas, iluminaci\u00f3n, etc.<\/li>\n<li>Aparcamentos disuasorios.<\/li>\n<li>Servizos \u00e1 poboaci\u00f3n, @teniendo en cuenta a dispersi\u00f3n e o mundo rural: transporte, saneamento, instalaci\u00f3n.<\/li>\n<li>Preservaci\u00f3n do medio ambiente e a biodiversidade. Control de ex\u00f3ticas invasoras.<\/li>\n<li>Humanizaci\u00f3n do centro e n\u00facleos rurais.<\/li>\n<li>Potenciaci\u00f3n do litoral de Arteixo.<\/li>\n<li>Humanizaci\u00f3n do Pol\u00edgono de Sab\u00f3n.<\/li>\n<li>Po\u00f1er en valor e protexer o patrimonio paisax\u00edstico e natural de Arteixo.<\/li>\n<li>Redacci\u00f3n dun Plan urban\u00edstico para Arteixo.<\/li>\n<li>Pintar as paradas de autob\u00fas en San Tirso de Oseiro.<\/li>\n<li>Un paso de pe\u00f3ns en San Tirso de Oseiro para poder cruzar a estrada.<\/li>\n<li>Compra de terreo xunto ao Campo d\u00e1 Festa de Barra\u00f1\u00e1n, ideal para un parque infantil.<\/li>\n<li>Sisalde. Preparar parcelas compradas para \u00e1rea recreativa, parque con xogos, tirolesa, aparellos biosaudables.<\/li>\n<li>Senda dos mu\u00ed\u00f1os desde A Groba, Lar\u00edn ata Barra\u00f1\u00e1n.<\/li>\n<li>Propo\u00f1er como zona verde a Canteira de Barra\u00f1\u00e1n.<\/li>\n<li>Humanizar a contorna, adecualo \u00e1 infancia e a mocidade. Educaci\u00f3n ambiental.<\/li>\n<li>Arteixo, como cidade de futuro, debe de ser autosuficiente energ\u00e9ticamente.<\/li>\n<li>Arteixo debe xestionar de forma intelixente os residuos.<\/li>\n<li>Constru\u00edr unha Praza de abastos para fomentar a econom\u00eda circular e o medioambiente.<\/li>\n<li>Pol\u00edgonos de Sab\u00f3n e Mouras e o Porto exterior.<\/li>\n<li>M\u00e1s zonas verdes.<\/li>\n<li>Eliminar as li\u00f1as de alta tensi\u00f3n de Sol e Mar.<\/li>\n<li>Plan urban\u00edstico.<\/li>\n<li>Crear un plan para o desenvolvemento do litoral.<\/li>\n<li>Informaci\u00f3n para que se coiden os espazos p\u00fablicos (que non son entulleiras).<\/li>\n<li>Planificaci\u00f3n urbana.<\/li>\n<li>Disposici\u00f3n de medios dixitais (REDES).<\/li>\n<li>Potenciar o litoral con zonas l\u00fadico-recreativas, que atraian m\u00e1is turismo.<\/li>\n<li>Espazo p\u00fablico de calidade para o seu desenvolvemento.<\/li>\n<li>Preservar o patrimonio natural.<\/li>\n<li>Plan urban\u00edstico.<\/li>\n<li>Sustentabilidade respecto \u00e1 contorna.<\/li>\n<li>Infraestrutura de beirarr\u00faas nos n\u00facleos.<\/li>\n<li>Conexi\u00f3ns amplas entre os dous pol\u00edgonos Sab\u00f3n-Mor\u00e1s.<\/li>\n<li>Plan Xeral de Ordenaci\u00f3n Municipal.<\/li>\n<li>Pol\u00edticas eficientes de Medio Ambiente.<\/li>\n<li>Unificar a convivencia entre a industria, o rural e o urbano, facendo un lugar atractivo para a industria e tam\u00e9n un lugar atractivo para vivir, fomentando a educaci\u00f3n, o deporte e o medioambiente.<\/li>\n<li>Dobre v\u00eda de circunvalaci\u00f3n pol\u00edgono de Sab\u00f3n.<\/li>\n<li>Movilidad sostible das mercador\u00edas.<\/li>\n<li>Coordinaci\u00f3n na implantaci\u00f3n de infraestruturas.<\/li>\n<li>Equilibrar o rural coa parte empresarial: Que no rural haxa todos os servizos necesarios e un nivel de urbanizaci\u00f3n nos espazos p\u00fablicos que promova a vida no n\u00facleo. No industrial, humanizar, facer m\u00e1is visible a contorna.<\/li>\n<li>Po\u00f1er en valor o espazo natural e o patrimonio co que conta o Concello.<\/li>\n<li>Preservar e po\u00f1er en valor a riqueza patrimonial, natural e ambiental do municipio.<\/li>\n<li>Dentro do Pol\u00edgono de Sab\u00f3n seguir ampliando e mellorando viarios, inclu\u00edndo rotondas.<\/li>\n<li>A conservaci\u00f3n ambiental, fomentar na infancia e na mocidade a sustentabilidade e a cultura.<\/li>\n<li>Dotar de espazos p\u00fablicos \u00e1s entidades e aos veci\u00f1os.<\/li>\n<li>Un sistema p\u00fablico de transporte acorde co tecido empresarial e a dispersi\u00f3n xeogr\u00e1fica dos n\u00facleos de poboaci\u00f3n.<\/li>\n<li>Plan Xeral que complete as urbanizaci\u00f3ns de vivendas unifamiliares.<\/li>\n<li>Humanizar as traves\u00edas. Nelas vive moita poboaci\u00f3n e as condici\u00f3ns son moi duras.<\/li>\n<li>Agora mesmo, o tr\u00e1fico e o aparcamento \u00e9 prioritario e non o pe\u00f3n.<\/li>\n<li>Humanizaci\u00f3n das contornas rurais e urbanas para fidelizar poboaci\u00f3n e creaci\u00f3n de pertenza.<\/li>\n<li>Un Arteixo m\u00e1is moderno, accesible e sostible.<\/li>\n<li>Mellorar a mobilidade especialmente no transporte p\u00fablico.<\/li>\n<li>Protexer a natureza (potenciar a contorna natural, aproximalo ao cidad\u00e1n).<\/li>\n<li>Mellorar e embelecer a parte residencial do municipio.<\/li>\n<li>Infraestruturas: chan industrial axustado \u00e1s necesidades das empresas en<\/li>\n<li>superficie e prezo.<\/li>\n<li>Plan urban\u00edstico que garanta a implantaci\u00f3n de empresas e a s\u00faa continuidade.<\/li>\n<li>Servizos b\u00e1sicos como o abastecemento de auga de calidade.<\/li>\n<li>Promoci\u00f3n do benestar dos veci\u00f1os mediante o impulso da mobilidade sostible.<\/li>\n<li>Fomentar a peonalizaci\u00f3n e creaci\u00f3n de carr\u00eds bici, as\u00ed como unha rede de pr\u00e9stamo.<\/li>\n<li>Accesibilidade en todos os aspectos, arquitect\u00f3nicos.<\/li>\n<li>Posta en valor do patrimonio hist\u00f3rico. Castro de Pastoriza .<\/li>\n<li>Apertura de viais de 8 metros ou m\u00e1is que faciliten os accesos aos n\u00facleos rurais.<\/li>\n<li>Mellora de seguridade viaria.<\/li>\n<\/ul>\n<p><strong>Econ\u00f3mico<\/strong><\/p>\n<ul>\n<li>Impulsar os eventos deportivos de importancia nacional e internacional.<\/li>\n<li>Identificar sinerxias entre as empresas.<\/li>\n<li>Formaci\u00f3n\/capacitaci\u00f3n do capital humano.<\/li>\n<li>Sustentabilidade das empresas.<\/li>\n<li>Integrar a actividade empresarial na poboaci\u00f3n (licenza para operar).<\/li>\n<li>Colaboraci\u00f3n p\u00fablico-privada para garantir a estabilizaci\u00f3n da poboaci\u00f3n.<\/li>\n<li>Ofrecer formaci\u00f3n necesaria \u00e1 poboaci\u00f3n para que as empresas que se instalen e estean instaladas e as\u00ed favorecer a non deslocalizaci\u00f3n das mesmas.<\/li>\n<li>Persoal cualificado para a demanda laboral a medio prazos en Arteixo.<\/li>\n<li>Fomentar a biodiversidade e non deixar que desapareza a nosa fauna.<\/li>\n<li>Apoiar \u00e1s empresas de econom\u00eda social que posibiliten o emprego de persoas con discapacidade. Reserva do 5-10% da contrataci\u00f3n p\u00fablica para persoas con discapacidade.<\/li>\n<li>Fomentar a produci\u00f3n agroecol\u00f3gica na contorna rural, fomentando a incorporaci\u00f3n de novos produtores e a substituci\u00f3n xeracional das explotaci\u00f3ns existentes.<\/li>\n<li>Apoiar a instalaci\u00f3n de proxectos de econom\u00eda social que promovan a inclusi\u00f3n sociolaboral de colectivos en risco de exclusi\u00f3n, principalmente empresas de inserci\u00f3n.<\/li>\n<li>Fomento do uso de novas enerx\u00edas.<\/li>\n<li>Conseguir manter a condici\u00f3n de ser un motor econ\u00f3mico auton\u00f3mico de referencia, con ser un lugar agradable para vivir, desde o punto de vista servizos, patrimonial, comunicaci\u00f3ns e actividades.<\/li>\n<li>Posicionarse na cabeza da quinta revoluci\u00f3n industrial: a chegada do hidr\u00f3xeno verde. Desde a situaci\u00f3n xeogr\u00e1fica privilexiada do Porto Exterior, d\u00e9bese fomentar a coexistencia desta nova enerx\u00eda renovable. Para iso, debe ir da man das empresas\u2026<\/li>\n<li>Aproveitar o potencial econ\u00f3mico para liderar a \u00e1rea metropolitana. Aproveitar as sinerxias das empresas.<\/li>\n<li>Coordinar o crecemento da actividade econ\u00f3mica coa mellora da calidade de vida dunha poboaci\u00f3n en continuo crecemento.<\/li>\n<li>Potenciar o tecido industrial (infraestruturas, custos competitivos, recuperaci\u00f3n de augas pluviais, mellorar transporte p\u00fablico).<\/li>\n<li>Sinerxias entre os diferentes espazos empresariais. Espazos de confluencia dos pol\u00edgonos co \u00e1mbito urbano.<\/li>\n<li>As peculiaridades dos tr\u00e1mites empresariais xustifican un procedemento de xesti\u00f3n unificada que facilite o seguimento dos expedientes e evite tramitaci\u00f3ns que se alonguen excesivamente.<\/li>\n<li>Atracci\u00f3n de industria de alto valor engadido e alta tecnolox\u00eda e fomentar a s\u00faa colaboraci\u00f3n cos centros tecnol\u00f3xicos e grupos de investigaci\u00f3n da Universidade (UDC) co obxectivo de atraer e reter talento.<\/li>\n<li>Po\u00f1er en valor o mundo rural, con actividades de valor engadido e respectuosas co medio ambiente, nos sectores agr\u00edcola e forestal, que permita a conservaci\u00f3n da contorna e da paisaxe.<\/li>\n<li>Avanzar na xesti\u00f3n, co fin de evitar tramitaci\u00f3ns entre o Concello e as empresas\/asociaci\u00f3ns\/ partes interesadas en xeral.<\/li>\n<li>Disposici\u00f3n de chan adecuado aos diferentes intereses sectoriais.<\/li>\n<li>Potenciar as sinerxias entre os pol\u00edgonos de Sab\u00f3n e Mor\u00e1s para conseguir finalmente a integraci\u00f3n dos dous nun s\u00f3.<\/li>\n<li>Estudar a implantaci\u00f3n dun Parque SOLAR E E\u00d3LICO para autoconsumo do pol\u00edgono.<\/li>\n<li>Manter o tecido industrial (boas infraestruturas, custos de subministraci\u00f3ns competitivas, recuperaci\u00f3n de augas pluviais, transporte colectivo).<\/li>\n<\/ul>\n<p><strong>Social<\/strong><\/p>\n<ul>\n<li>Dinamizaci\u00f3n da mocidade a trav\u00e9s das asociaci\u00f3ns deportivas e culturais.<\/li>\n<li>Responsabilizar aos donos dos cans para que recollan os excrementos.<\/li>\n<li>Polic\u00edas municipais que vix\u00eden as paradas de buses que est\u00e1n sempre cheas de coches aparcados.<\/li>\n<li>Fomento da dinamizaci\u00f3n da mocidade e, sobre todo, da terceira idade.<\/li>\n<li>Centros educativos suficientes para o incremento de poboaci\u00f3n.<\/li>\n<li>Conciliaci\u00f3n: proxectos para o #gozar do tempo.<\/li>\n<li>Melloras nos centros educativos.<\/li>\n<li>Centro de FP unificado, adaptado \u00e1s necesidades de traballo.<\/li>\n<li>Creaci\u00f3n dun Centro de Formaci\u00f3n Profesional en Arteixo.<\/li>\n<li>Capacitar e formar persoal cualificado (FP Dual).<\/li>\n<li>Integraci\u00f3n, formaci\u00f3n e capacitaci\u00f3n dos colectivos m\u00e1is desfavorecidos e a inmigraci\u00f3n.<\/li>\n<li>Crear espazos para actividades interxeracionais, e doutro tipo, como exposici\u00f3ns, festas, etc. en diversas zonas (non s\u00f3 no centro).<\/li>\n<li>Reforzo en formaci\u00f3n, m\u00e1is pr\u00e1cticas nas empresas do Concello.<\/li>\n<li>M\u00e1s residencias de maiores e m\u00e1is axudas para as persoas e nenos con problemas.<\/li>\n<li>Facer un Arteixo accesible que permita a mobilidade con autonom\u00eda de calquera persoa.<\/li>\n<li>Servizo de atenci\u00f3n temper\u00e1 cos recursos suficientes para atender a demanda de nenos\/as con discapacidade. 0-6 anos.<\/li>\n<li>Centro de recursos para persoas con discapacidade que apoie \u00e1s familias para conseguir a autonom\u00eda das persoas.<\/li>\n<li>Conseguir que todo o proceso educativo p\u00f3idase realizar na s\u00faa totalidade no Concello (FP inclu\u00edda).<\/li>\n<li>Favorecer o apoio das empresas aos clubs e asociaci\u00f3ns deportivas para poder levar a cabo os seus proxectos.<\/li>\n<li>Mellorar os Centros m\u00e9dicos e aumentar o persoal.<\/li>\n<li>Aumento das infraestruturas deportivas.<\/li>\n<li>Apostar un pouco m\u00e1is pola cultura.<\/li>\n<li>Formaci\u00f3n profesional.<\/li>\n<li>Instalaci\u00f3n (deportiva) preto do n\u00facleo de Arteixo.<\/li>\n<li>Coidar os servizos das parroquias.<\/li>\n<li>Crear un Centro m\u00e9dico con servizos como radiolox\u00eda.<\/li>\n<li>Planificaci\u00f3n no \u00e1mbito educativo.<\/li>\n<li>Formaci\u00f3n xuvenil orientada a novos empregos.<\/li>\n<li>Creaci\u00f3n de Centros de FP e de ESO. Os certificados do centro de FP son insuficientes e escasos. A ESO est\u00e1 masificada.<\/li>\n<li>Arteixo \u00e9 un dos Concellos galegos onde m\u00e1is xente nova hai. Centrarse en crear formaci\u00f3n, actividades para eles.<\/li>\n<li>Aumento da infraestrutura de Servizos sociais prioritariamente e tam\u00e9n culturais. A poboaci\u00f3n de Arteixo crece, pero a infraestrutura non.<\/li>\n<li>Deporte e futuro van da man. O reto ser\u00eda enlazar deporte municipal e escolar, cos clubs deportivos para garantir o futuro deportivo para os mozos de Arteixo.<\/li>\n<li>Residencias de maiores: actualmente s\u00f3 dispo\u00f1emos dunha. Os nosos maiores que te\u00f1en que ser internados, te\u00f1en que desprazarse a outros Concellos.<\/li>\n<li>Programas de inclusi\u00f3n social a trav\u00e9s de programas de formaci\u00f3n e culturais.<\/li>\n<li>O municipio de Arteixo est\u00e1 m\u00e1is que preparado a nivel de servizos, hostaler\u00eda, accesibilidade para poder celebrar grandes eventos deportivos. O reto \u00e9 que as instalaci\u00f3ns acu\u00e1ticas de Arteixo ad\u00e1ptense para organizar campionatos importantes.<\/li>\n<li>\u00c9 importante ter unhas instalaci\u00f3ns correctas para desenvolver a cultura no Concello.<\/li>\n<li>Comunidade resiliente e cohesionada que \u00e9 especialmente diversa.<\/li>\n<li>Construci\u00f3n de novos centros educativos, debido \u00e1 masificaci\u00f3n dos existentes.<\/li>\n<li>Humanizaci\u00f3n das escolas por dentro e por f\u00f3ra.<\/li>\n<li>Pol\u00edticas culturais centradas na cultura propia.<\/li>\n<li>Creaci\u00f3n dun edificio da cultura para xuntar \u00e1s entidades culturais na s\u00faa formaci\u00f3n e traballo diario.<\/li>\n<li>Centro de FP orientado \u00e1 rede empresarial actual de Arteixo. Ramas sociosanitarias, traballos de profesionais de construci\u00f3n, metal\u2026etc.<\/li>\n<li>Ampliaci\u00f3n do Proxecto Arteixo Innovaci\u00f3n, inclu\u00eddo o mantemento do equipamento, seguir co apoio ao equipamento que queda obsoleto, e inclu\u00edr formaci\u00f3n do profesorado. Apostar pola renovaci\u00f3n e mantemento dos espazos dos centros educativos.<\/li>\n<li>Facilitar relaci\u00f3ns con entidades sociais, e poder achegar os servizos a Arteixo a trav\u00e9s da cesi\u00f3n de espazos e derivaci\u00f3n de persoas usuarias desde servizos sociais, para garantir accesibilidade e atenci\u00f3n especializada integral.<\/li>\n<li>A integraci\u00f3n da poboaci\u00f3n inmigrante.<\/li>\n<li>Contar con entidades sociais para a formaci\u00f3n e capacitaci\u00f3n de persoal traballador para a zona.<\/li>\n<li>Aprendizaxe para toda a vida, en especial para as persoas maiores e colectivos vulnerables.<\/li>\n<li>Formaci\u00f3n e apoio no desenvolvemento de competencias dixitais para toda a cidadan\u00eda.<\/li>\n<li>Traballar para ser un referente cultural na provincia con proxectos e festivais de \u00edndole provincial, auton\u00f3mico e nacional.<\/li>\n<li>Mellora da educaci\u00f3n. A ESO ten un alto \u00edndice de fracaso escolar, \u00e1s veces v\u00e9n dado pola masificaci\u00f3n en primaria e noutros casos, pola falta de medios en secundaria.<\/li>\n<li>Como a \u00fanica instituci\u00f3n educativa p\u00fablica con oferta regrada de FP, parece imprescindible que o Concello traballe de maneira continua e intensa, incluso mobilizando \u00e1 poboaci\u00f3n, para unha ampliaci\u00f3n da oferta m\u00ednima que existe agora.<\/li>\n<li>Apostar pola mellora dos espazos educativos, renovaci\u00f3n, acondicionamento e pintura. Os espazos est\u00e1n moi deteriorados.<\/li>\n<li>Capacitaci\u00f3n e formaci\u00f3n profesional para os mozos, aproveitando a implantaci\u00f3n de novos pol\u00edgonos industriais como Mor\u00e1s.<\/li>\n<li>Fomentar a aprendizaxe do coidado na comunidade; apostar por iniciativas neste sentido e favorecer a formaci\u00f3n e capacitaci\u00f3n dos responsables.<\/li>\n<li>Mellorar a formaci\u00f3n profesional adaptando a oferta \u00e1 demanda empresarial.<\/li>\n<li>Que cando se abra o novo centro de FP este estea pensado en clave de futuro, con espazos que permitan novas formas pedag\u00f3xicas, e \u00e1 s\u00faa vez estea constru\u00eddo de maneira sostible (sistemas de calefacci\u00f3n, luz natural\u2026) e que se conte cos docentes para o seu dese\u00f1o.<\/li>\n<li>Mellorar a atenci\u00f3n das persoas maiores.<\/li>\n<li>Prevenci\u00f3n de illamento e soidade non desexada.<\/li>\n<li>Integraci\u00f3n interxeracional en Arteixo.<\/li>\n<li>Potenciar a conservaci\u00f3n dos Centros educativos e a s\u00faa contorna para que as persoas queiran estudar nos colexios de Arteixo. Para iso, promover a colaboraci\u00f3n con a<\/li>\n<li>Conseller\u00eda de Educaci\u00f3n expo\u00f1endo as necesidades detectadas.<\/li>\n<li>Formaci\u00f3n para os nenos\/as e mozos en competencias dixitais, traballo colaborativo, talleres industriais, tecnol\u00f3xicos e mesmo artes\u00e1ns para aprender facendo.<\/li>\n<li>Facer dos Centros educativos espazos polivalentes que se convertan en lugares de referencia para as familias.<\/li>\n<li>Fomentar a danza e a m\u00fasica tradicional como terapia de sa\u00fade.<\/li>\n<li>Formaci\u00f3n integral ao longo da vida para permitir a reciclaxe de profesionais baseada en aprendizaxe accesible e universal.<\/li>\n<li>Plan especial para o circu\u00edto de Autocr\u00f3s de Arteixo.<\/li>\n<li>Ampliar o n\u00famero de infraestruturas deportivas, convencionais e non convencionais, aproveitando a contorna.<\/li>\n<li>Facilitar o acceso \u00e1 pr\u00e1ctica deportiva.<\/li>\n<li>Aumentar o baremo de rendas das subvenci\u00f3ns para familias usuarias do comedor escolar.<\/li>\n<li>Establecer unha vinculaci\u00f3n organizada e estruturada entre o \u00e1mbito sanitario e a oferta deportiva do municipio.<\/li>\n<li>Potenciaci\u00f3n, dinamizaci\u00f3n e recuperaci\u00f3n das Romar\u00edas, entre elas, a de San Miguel.<\/li>\n<li>No \u00e1mbito deportivo: Conseguir patrocinios privados que repercutan tam\u00e9n nesas empresas (retorno). Que non quede ningunha persoa sen facer deporte por un tema econ\u00f3mico ou de espazo.<\/li>\n<li>Finalizar os ciclos de FP.<\/li>\n<li>Adaptar a FP (IE SAB\u00d3N) \u00e1s necesidades dos habitantes do municipio e demandas do sector industrial, motor da econom\u00eda local.<\/li>\n<\/ul>\n<p><strong>Gobernanza<\/strong><\/p>\n<ul>\n<li>Mellorar a administraci\u00f3n electr\u00f3nica nas instituci\u00f3ns p\u00fablicas.<\/li>\n<li>Un Concello m\u00e1is accesible aos veci\u00f1os.<\/li>\n<li>Axilidade nas xesti\u00f3ns administrativas.<\/li>\n<li>Crear espazos de convivencia e traballo colaborativo entre os sectores da comunidade educativa.<\/li>\n<li>Crear din\u00e1micas ou grupos de traballo para detectar e dar resposta \u00e1s necesidades educativas.<\/li>\n<li>Axilizar e dar informaci\u00f3n sobre os tr\u00e1mites e procesos de relaci\u00f3n co Concello.<\/li>\n<li>Fomentar as asociaci\u00f3ns, grupos de traballo e redes asociativas para tratar diversas problem\u00e1ticas sociais.<\/li>\n<li>M\u00e1s axilidade para os tr\u00e1mites burocr\u00e1ticos dentro dos Servizos p\u00fablicos.<\/li>\n<li>Deixar de ser sat\u00e9lite-suburbio da Coru\u00f1a e adquirir unha identidade propia.<\/li>\n<li>Conseguir que os\/as Arteixano\/as sentan orgullosos do seu Concello.<\/li>\n<li>Favorecer as interacci\u00f3ns entre as diferentes asociaci\u00f3ns.<\/li>\n<li>Coordinaci\u00f3n cos colexios para o fomento do deporte.<\/li>\n<li>Funcionarios que funcionen (axilidade).<\/li>\n<li>Reto tecnol\u00f3xico: conseguir permear o co\u00f1ecemento a todas as \u00e1reas da sociedade aproveitando o seu potencial estrat\u00e9xico.<\/li>\n<li>Buscar entidade propia de Arteixo, sen compararse con outros Concellos.<\/li>\n<li>Promover as sinerxias do Concello coa Universidade (UDC).<\/li>\n<li>Colaboraci\u00f3n entre o tecido asociativo e o industrial local.<\/li>\n<li>Fomentar a administraci\u00f3n dixital.<\/li>\n<li>Reforzar a colaboraci\u00f3n entre o Terceiro Sector e os Servizos Sociais para abordar de forma integral as necesidades dos colectivos m\u00e1is vulnerables de Arteixo e a promoci\u00f3n da interculturalidad.<\/li>\n<li>Creaci\u00f3n dunha rede que permita estar en contacto \u00e1s distintas entidades sociais, culturais, deportivas, empresariais que hai no concello para unha mellor optimizaci\u00f3n de recursos.<\/li>\n<li>Creaci\u00f3n de redes de comunicaci\u00f3n e informaci\u00f3n entre o Concello e as entidades sen \u00e1nimo de lucro, e tam\u00e9n coa cidadan\u00eda.<\/li>\n<li>Activar os equipamentos municipais nas parroquias.<\/li>\n<li>Fortalecer desde a participaci\u00f3n cidad\u00e1 ao tecido asociativo para mellorar o involucramento da nova cidadan\u00eda, as\u00ed como fortalecer a organizaci\u00f3n da sociedade civil de Arteixo para actuar na resoluci\u00f3n de problemas do Concello.<\/li>\n<li>Reforzar os v\u00ednculos de participaci\u00f3n e utilizaci\u00f3n de instalaci\u00f3ns deportivas entre entidades e o Concello.<\/li>\n<li>Fomentar a implicaci\u00f3n da mocidade na vida social e cultural do municipio.<\/li>\n<li>Fomentar a colaboraci\u00f3n entre distintas entidades do Terceiro Sector.<\/li>\n<li>Establecer reuni\u00f3ns peri\u00f3dicas entre o Concello e os Centros educativos para propo\u00f1er li\u00f1as de actuaci\u00f3n conxuntas.<\/li>\n<li>Fomentar conexi\u00f3ns interxeracionais entre as entidades para fomentar distintas actividades culturais.<\/li>\n<li>As peculiaridades dos tr\u00e1mites empresariais xustifican un procedemento de xesti\u00f3n unificado que facilite o seguimento dos expedientes e evite tramitaci\u00f3ns que se alonguen excesivamente.<\/li>\n<\/ul><\/div>\n\t\t\t\t<\/div><\/p>\n<div class='et-learn-more clearfix'>\n\t\t\t\t\t<h3 class='heading-more'>2. Cales considera vostede que son os proxectos ou programas m\u00e1is importantes (un m\u00e1ximo de tres) que a s\u00faa entidade\/organizaci\u00f3n\/asociaci\u00f3n est\u00e1 a realizar, ou que deber\u00eda realizar nun futuro pr\u00f3ximo, que poidan dar resposta aos desaf\u00edos identificados do municipio?<span class='et_learnmore_arrow'><span><\/span><\/span><\/h3>\n\t\t\t\t\t<div class='learn-more-content'><strong>Territorial\/infraestruturas<\/strong><\/p>\n<ul>\n<li style=\"list-style-type: none;\">\n<ul>\n<li>Mellora das instalaci\u00f3ns para poder albergar probas internacionais.<\/li>\n<li>Colaborar para a implantaci\u00f3n da rede de saneamento na aldea.<\/li>\n<li>Accesos ao pol\u00edgono de Mor\u00e1s desde o Alto de Arteixo con beirarr\u00faas.<\/li>\n<li>A Central t\u00e9rmica de Sab\u00f3n (Naturgy) transformouse, substitu\u00edndo aos grupos t\u00e9rmicos de fuel dos anos 70 por un ciclo combinado en 2008. En 2014 f\u00edxose un investimento para reducir a\u00ednda m\u00e1is as emisi\u00f3ns \u00e1 atmosfera. En 2020 completouse o desmantelamento dos grupos de fuel, inclu\u00edda na cheminea de 200 M.<\/li>\n<li>Esforzo constante por minimizar o impacto na contorna, tanto a nivel de ru\u00eddo como no consumo de auga.<\/li>\n<li>Proxectos de participaci\u00f3n na humanizaci\u00f3n das cidades, desde o punto de vista multisectorial e pluridisciplinar.<\/li>\n<li>Terminar beirarr\u00faas, reparaci\u00f3n de pistas e mellora de iluminaci\u00f3n.<\/li>\n<li>Axilizar acci\u00f3ns para levar a fibra \u00f3ptica \u00e1s parroquias.<\/li>\n<li>Limpeza, mantemento e conservaci\u00f3n do mobiliario urbano, e de parques, xard\u00edns, cunetas e iluminaci\u00f3n\u2026etc.<\/li>\n<li>Urbanismo: falta de aparcamentos en horas punta no centro de Arteixo.<\/li>\n<li>Proxectar un aparcamento subterr\u00e1neo no centro do n\u00facleo urbano.<\/li>\n<li>Plan de mellora da accesibilidade cun 2% do orzamento municipal para obras de mellora.<\/li>\n<li>Servizo de asesoramento en obra nova para garantir a plena autonom\u00eda.<\/li>\n<li>Un Plan Xeral de Ordenaci\u00f3n urbana para Arteixo.<\/li>\n<li>Liberaci\u00f3n das peaxes. Tren de proximidade.<\/li>\n<li>Wi-fi e fibra en todos os lugares do Concello.<\/li>\n<li>Parques infant\u00eds.<\/li>\n<li>Aparcamentos disuasorios para rendibilizar m\u00e1is o transporte p\u00fablico.<\/li>\n<li>Mellorar o \u00e1mbito rural.<\/li>\n<li>Circunvalaci\u00f3n do pol\u00edgono industrial con paseo peonil e ciclista.<\/li>\n<li>Alternativas de circulaci\u00f3n na entrada de traballadores no pol\u00edgono.<\/li>\n<li>Peonalizar ao m\u00e1ximo o Concello. (fose transporte pesado e veh\u00edculos).<\/li>\n<li>Tener una zona exterior cubierta para que los ni\u00f1os puedan estar fuera, aunque haga mal tiempo.<\/li>\n<\/ul>\n<\/li>\n<\/ul>\n<p>&lt;\/<\/p>\n<p><strong>Econ\u00f3mico<\/strong><\/p>\n<ul>\n<li style=\"list-style-type: none;\">\n<ul>\n<li>Organizaci\u00f3n de una carrera\/espect\u00e1culo de referencia internacional: Car-Cross trophy.<\/li>\n<li>Colaborar para determinar el \u00e1mbito del monte comunal sito en la aldea y viabilizar con ello la gesti\u00f3n del mismo.<\/li>\n<li>Proyectos de generaci\u00f3n de empleo local.<\/li>\n<\/ul>\n<\/li>\n<\/ul>\n<p>&lt;\/<\/p>\n<p><strong>Social<\/strong><\/p>\n<ul>\n<li style=\"list-style-type: none;\">\n<ul>\n<li>Programas de captaci\u00f3n de juventud y de formaci\u00f3n para tener un grupo humano mayor y as\u00ed afrontar nuevos retos.<\/li>\n<li>Informar de manera continuada a la sociedad.<\/li>\n<li>Responsabilidad social con los vecinos.<\/li>\n<li>Colaborar en el mantenimiento de la fiesta patronal y costumbres de la zona.<\/li>\n<li>Formar, educar y dar valores a trav\u00e9s del deporte. Todo esto en escuelas deportivas municipales.<\/li>\n<li>Realizaci\u00f3n de programas de iniciaci\u00f3n al deporte para ni\u00f1os de 3 a\u00f1os en adelante.<\/li>\n<li>Realizaci\u00f3n de programas de relaci\u00f3n con el medio natural involucrando a la juventud en diversos tipos de deportes y actividades.<\/li>\n<li>Proyecto de un programa para mayores que impulse su actividad. Pensamos que este programa influye directamente en menos visitas al Centro de salud.<\/li>\n<li>Formaci\u00f3n profesional de calidad, adaptada a cada sector productivo.<\/li>\n<li>Colaboraci\u00f3n con el Concello para la impartici\u00f3n de la oferta educativa en la etapa de FP B\u00e1sica.<\/li>\n<li>Todos los proyectos vinculados a la iniciativa Arteixo Innovaci\u00f3n que suponen gran ayuda para mantener niveles de calidad.<\/li>\n<li>Dar m\u00e1s capacidad para m\u00e1s a\u00f1os de curso en el centro EEI de Vilarrod\u00eds-Oseiro.<\/li>\n<li>Proyecto Arteixo innovaci\u00f3n: dar respuesta a toda la innovaci\u00f3n educativa, metodolog\u00edas activas, alfabetizaci\u00f3n multifuncional, no s\u00f3lo la digital.<\/li>\n<li>Programas sociales de formaci\u00f3n para atender a nuestros mayores desde la familia.<\/li>\n<li>Servicio de atenci\u00f3n temprana (0-6 a\u00f1os) con recursos suficientes para atender a 200 ni\u00f1os.<\/li>\n<li>Un Centro de Recursos para la discapacidad con gesti\u00f3n de entidades de la iniciativa social.<\/li>\n<li>Construcci\u00f3n de nuevos centros educativos, debido a la masificaci\u00f3n de los existentes.<\/li>\n<li>Centro social (Cham\u00edn \u2013 Sorrizo).<\/li>\n<li>Estamos organizando, junto con la federaci\u00f3n coru\u00f1esa de baloncesto, la celebraci\u00f3n, todos los s\u00e1bados, de la jornada de minibasket con 9 partidos en los que participan 18 equipos con la participaci\u00f3n de 180 jugadores de toda la comarca que vienen a nuestro Concello.<\/li>\n<li>Residencia de ancianos en Pastoriza.<\/li>\n<li>Fomentar programas culturales para integrar a la juventud.<\/li>\n<li>La formaci\u00f3n profesional deber\u00eda de estar acompa\u00f1ada por pr\u00e1cticas en empresas.<\/li>\n<li>Desarrollo de instrumentos y plataformas tecnol\u00f3gicas con un enfoque eminentemente deportivos, orientados a dinamizar y guiar la pr\u00e1ctica f\u00edsica.<\/li>\n<li>T\u00f3tems interactivos que gu\u00edan la pr\u00e1ctica y uso de parques biosaludables.<\/li>\n<\/ul>\n<\/li>\n<\/ul>\n<p>&lt;\/<\/p>\n<p><strong>Gobernanza<\/strong><\/p>\n<ul>\n<li style=\"list-style-type: none;\">\n<ul>\n<li>Formar a la mayor\u00eda de los trabajadores que prestan sus servicios en el Servicio de salvamento en Arteixo.<\/li>\n<li>Participar en la redacci\u00f3n de los Planes urban\u00edsticos del Concello y de los proyectos de cuidado y puesta en valor de espacios naturales.<\/li>\n<li>La parroquia de San tirso de Oseiro est\u00e1 dejada de la mano de Dios, nadie se acuerda de la parroquia.<\/li>\n<li>Fomentar una administraci\u00f3n local m\u00e1s \u00e1gil.<\/li>\n<li>Actividades: Fomentar actividades de colaboraci\u00f3n entre asociaciones de diferentes tipos (culturales, ben\u00e9ficas, Intergeneracionales, deportivas\u2026).<\/li>\n<li>Subvenciones: Adecuar el tiempo y publicaci\u00f3n de las propuestas de subvenci\u00f3n a los tiempos de trabajo de los centros educativos.<\/li>\n<\/ul>\n<\/li>\n<\/ul>\n<p>&lt;\/<\/p><\/div>\n\t\t\t\t<\/div>\n<a href='https:\/\/agendaurbana.arteixo.org\/wp-content\/uploads\/2024\/01\/20230216_Mesa-2_Respostas.pdf' class='small-button smallwhite' target=\"_blank\">Descargar<\/a>\n<p>&nbsp;<\/p>\n","protected":false},"excerpt":{"rendered":"<p>Os datos recompilados do cuestionario da 1\u00aa Conferencia Estrat\u00e9xica revelan unha diversidade de perspectivas e enfoques entre os participantes. En termos xerais, obs\u00e9rvase un consenso significativo ao redor de certos [&hellip;]<\/p>\n","protected":false},"author":1,"featured_media":0,"comment_status":"closed","ping_status":"closed","sticky":false,"template":"","format":"standard","meta":{"_et_pb_use_builder":"","_et_pb_old_content":"","_et_gb_content_width":"","footnotes":""},"categories":[10],"tags":[],"class_list":["post-1563","post","type-post","status-publish","format-standard","hentry","category-uncategorized-gl"],"yoast_head":"<!-- This site is optimized with the Yoast SEO plugin v27.4 - https:\/\/yoast.com\/product\/yoast-seo-wordpress\/ -->\n<title>Respostas do cuestionario da 1\u00aa Conferencia Estrat\u00e9xica celebrada o 16 de febreiro de 2023 - Agenda Urbana<\/title>\n<meta name=\"robots\" content=\"index, follow, max-snippet:-1, max-image-preview:large, max-video-preview:-1\" \/>\n<link rel=\"canonical\" href=\"https:\/\/agendaurbana.arteixo.org\/gl\/respostas-cuestionario-1a-conferencia-estratexica-16-febreiro-2023\/\" \/>\n<meta property=\"og:locale\" content=\"gl_ES\" \/>\n<meta property=\"og:type\" content=\"article\" \/>\n<meta property=\"og:title\" content=\"Respostas do cuestionario da 1\u00aa Conferencia Estrat\u00e9xica celebrada o 16 de febreiro de 2023 - Agenda Urbana\" \/>\n<meta property=\"og:description\" content=\"Os datos recompilados do cuestionario da 1\u00aa Conferencia Estrat\u00e9xica revelan unha diversidade de perspectivas e enfoques entre os participantes. En termos xerais, obs\u00e9rvase un consenso significativo ao redor de certos [&hellip;]\" \/>\n<meta property=\"og:url\" content=\"https:\/\/agendaurbana.arteixo.org\/gl\/respostas-cuestionario-1a-conferencia-estratexica-16-febreiro-2023\/\" \/>\n<meta property=\"og:site_name\" content=\"Agenda Urbana\" \/>\n<meta property=\"article:publisher\" content=\"https:\/\/www.facebook.com\/ConcellodeArteixoOficial\/\" \/>\n<meta property=\"article:published_time\" content=\"2024-01-05T08:27:12+00:00\" \/>\n<meta property=\"article:modified_time\" content=\"2024-01-10T07:23:05+00:00\" \/>\n<meta name=\"author\" content=\"Concello5533\" \/>\n<meta name=\"twitter:card\" content=\"summary_large_image\" \/>\n<meta name=\"twitter:creator\" content=\"@arteixooficial\" \/>\n<meta name=\"twitter:site\" content=\"@arteixooficial\" \/>\n<meta name=\"twitter:label1\" content=\"Escrito por\" \/>\n\t<meta name=\"twitter:data1\" content=\"Concello5533\" \/>\n\t<meta name=\"twitter:label2\" content=\"Tempo de lectura\" \/>\n\t<meta name=\"twitter:data2\" content=\"33 minutos\" \/>\n<script type=\"application\/ld+json\" class=\"yoast-schema-graph\">{\"@context\":\"https:\\\/\\\/schema.org\",\"@graph\":[{\"@type\":\"Article\",\"@id\":\"https:\\\/\\\/agendaurbana.arteixo.org\\\/gl\\\/respostas-cuestionario-1a-conferencia-estratexica-16-febreiro-2023\\\/#article\",\"isPartOf\":{\"@id\":\"https:\\\/\\\/agendaurbana.arteixo.org\\\/gl\\\/respostas-cuestionario-1a-conferencia-estratexica-16-febreiro-2023\\\/\"},\"author\":{\"name\":\"Concello5533\",\"@id\":\"https:\\\/\\\/agendaurbana.arteixo.org\\\/#\\\/schema\\\/person\\\/0fad39310d2cdecb93d73ebe5c90dd8c\"},\"headline\":\"Respostas do cuestionario da 1\u00aa Conferencia Estrat\u00e9xica celebrada o 16 de febreiro de 2023\",\"datePublished\":\"2024-01-05T08:27:12+00:00\",\"dateModified\":\"2024-01-10T07:23:05+00:00\",\"mainEntityOfPage\":{\"@id\":\"https:\\\/\\\/agendaurbana.arteixo.org\\\/gl\\\/respostas-cuestionario-1a-conferencia-estratexica-16-febreiro-2023\\\/\"},\"wordCount\":8125,\"publisher\":{\"@id\":\"https:\\\/\\\/agendaurbana.arteixo.org\\\/#organization\"},\"articleSection\":[\"Uncategorized @gl\"],\"inLanguage\":\"gl-ES\"},{\"@type\":\"WebPage\",\"@id\":\"https:\\\/\\\/agendaurbana.arteixo.org\\\/gl\\\/respostas-cuestionario-1a-conferencia-estratexica-16-febreiro-2023\\\/\",\"url\":\"https:\\\/\\\/agendaurbana.arteixo.org\\\/gl\\\/respostas-cuestionario-1a-conferencia-estratexica-16-febreiro-2023\\\/\",\"name\":\"Respostas do cuestionario da 1\u00aa Conferencia Estrat\u00e9xica celebrada o 16 de febreiro de 2023 - Agenda Urbana\",\"isPartOf\":{\"@id\":\"https:\\\/\\\/agendaurbana.arteixo.org\\\/#website\"},\"datePublished\":\"2024-01-05T08:27:12+00:00\",\"dateModified\":\"2024-01-10T07:23:05+00:00\",\"breadcrumb\":{\"@id\":\"https:\\\/\\\/agendaurbana.arteixo.org\\\/gl\\\/respostas-cuestionario-1a-conferencia-estratexica-16-febreiro-2023\\\/#breadcrumb\"},\"inLanguage\":\"gl-ES\",\"potentialAction\":[{\"@type\":\"ReadAction\",\"target\":[\"https:\\\/\\\/agendaurbana.arteixo.org\\\/gl\\\/respostas-cuestionario-1a-conferencia-estratexica-16-febreiro-2023\\\/\"]}]},{\"@type\":\"BreadcrumbList\",\"@id\":\"https:\\\/\\\/agendaurbana.arteixo.org\\\/gl\\\/respostas-cuestionario-1a-conferencia-estratexica-16-febreiro-2023\\\/#breadcrumb\",\"itemListElement\":[{\"@type\":\"ListItem\",\"position\":1,\"name\":\"Inicio\",\"item\":\"https:\\\/\\\/agendaurbana.arteixo.org\\\/gl\\\/axenda-urbana\\\/\"},{\"@type\":\"ListItem\",\"position\":2,\"name\":\"Respostas do cuestionario da 1\u00aa Conferencia Estrat\u00e9xica celebrada o 16 de febreiro de 2023\"}]},{\"@type\":\"WebSite\",\"@id\":\"https:\\\/\\\/agendaurbana.arteixo.org\\\/#website\",\"url\":\"https:\\\/\\\/agendaurbana.arteixo.org\\\/\",\"name\":\"Agenda Urbana\",\"description\":\"Identificaci\u00f3n de los principales retos estrat\u00e9gicos para la definici\u00f3n del futuro de Arteixo\",\"publisher\":{\"@id\":\"https:\\\/\\\/agendaurbana.arteixo.org\\\/#organization\"},\"potentialAction\":[{\"@type\":\"SearchAction\",\"target\":{\"@type\":\"EntryPoint\",\"urlTemplate\":\"https:\\\/\\\/agendaurbana.arteixo.org\\\/?s={search_term_string}\"},\"query-input\":{\"@type\":\"PropertyValueSpecification\",\"valueRequired\":true,\"valueName\":\"search_term_string\"}}],\"inLanguage\":\"gl-ES\"},{\"@type\":\"Organization\",\"@id\":\"https:\\\/\\\/agendaurbana.arteixo.org\\\/#organization\",\"name\":\"Concello de Arteixo\",\"url\":\"https:\\\/\\\/agendaurbana.arteixo.org\\\/\",\"logo\":{\"@type\":\"ImageObject\",\"inLanguage\":\"gl-ES\",\"@id\":\"https:\\\/\\\/agendaurbana.arteixo.org\\\/#\\\/schema\\\/logo\\\/image\\\/\",\"url\":\"https:\\\/\\\/agendaurbana.arteixo.org\\\/wp-content\\\/uploads\\\/2023\\\/12\\\/logoArteixoAzul.png\",\"contentUrl\":\"https:\\\/\\\/agendaurbana.arteixo.org\\\/wp-content\\\/uploads\\\/2023\\\/12\\\/logoArteixoAzul.png\",\"width\":568,\"height\":128,\"caption\":\"Concello de Arteixo\"},\"image\":{\"@id\":\"https:\\\/\\\/agendaurbana.arteixo.org\\\/#\\\/schema\\\/logo\\\/image\\\/\"},\"sameAs\":[\"https:\\\/\\\/www.facebook.com\\\/ConcellodeArteixoOficial\\\/\",\"https:\\\/\\\/x.com\\\/arteixooficial\",\"https:\\\/\\\/www.instagram.com\\\/concellodearteixo\\\/?hl=es\"]},{\"@type\":\"Person\",\"@id\":\"https:\\\/\\\/agendaurbana.arteixo.org\\\/#\\\/schema\\\/person\\\/0fad39310d2cdecb93d73ebe5c90dd8c\",\"name\":\"Concello5533\",\"sameAs\":[\"https:\\\/\\\/agendaurbana.arteixo.org\"],\"url\":\"https:\\\/\\\/agendaurbana.arteixo.org\\\/gl\\\/author\\\/concello5533\\\/\"}]}<\/script>\n<!-- \/ Yoast SEO plugin. -->","yoast_head_json":{"title":"Respostas do cuestionario da 1\u00aa Conferencia Estrat\u00e9xica celebrada o 16 de febreiro de 2023 - Agenda Urbana","robots":{"index":"index","follow":"follow","max-snippet":"max-snippet:-1","max-image-preview":"max-image-preview:large","max-video-preview":"max-video-preview:-1"},"canonical":"https:\/\/agendaurbana.arteixo.org\/gl\/respostas-cuestionario-1a-conferencia-estratexica-16-febreiro-2023\/","og_locale":"gl_ES","og_type":"article","og_title":"Respostas do cuestionario da 1\u00aa Conferencia Estrat\u00e9xica celebrada o 16 de febreiro de 2023 - Agenda Urbana","og_description":"Os datos recompilados do cuestionario da 1\u00aa Conferencia Estrat\u00e9xica revelan unha diversidade de perspectivas e enfoques entre os participantes. En termos xerais, obs\u00e9rvase un consenso significativo ao redor de certos [&hellip;]","og_url":"https:\/\/agendaurbana.arteixo.org\/gl\/respostas-cuestionario-1a-conferencia-estratexica-16-febreiro-2023\/","og_site_name":"Agenda Urbana","article_publisher":"https:\/\/www.facebook.com\/ConcellodeArteixoOficial\/","article_published_time":"2024-01-05T08:27:12+00:00","article_modified_time":"2024-01-10T07:23:05+00:00","author":"Concello5533","twitter_card":"summary_large_image","twitter_creator":"@arteixooficial","twitter_site":"@arteixooficial","twitter_misc":{"Escrito por":"Concello5533","Tempo de lectura":"33 minutos"},"schema":{"@context":"https:\/\/schema.org","@graph":[{"@type":"Article","@id":"https:\/\/agendaurbana.arteixo.org\/gl\/respostas-cuestionario-1a-conferencia-estratexica-16-febreiro-2023\/#article","isPartOf":{"@id":"https:\/\/agendaurbana.arteixo.org\/gl\/respostas-cuestionario-1a-conferencia-estratexica-16-febreiro-2023\/"},"author":{"name":"Concello5533","@id":"https:\/\/agendaurbana.arteixo.org\/#\/schema\/person\/0fad39310d2cdecb93d73ebe5c90dd8c"},"headline":"Respostas do cuestionario da 1\u00aa Conferencia Estrat\u00e9xica celebrada o 16 de febreiro de 2023","datePublished":"2024-01-05T08:27:12+00:00","dateModified":"2024-01-10T07:23:05+00:00","mainEntityOfPage":{"@id":"https:\/\/agendaurbana.arteixo.org\/gl\/respostas-cuestionario-1a-conferencia-estratexica-16-febreiro-2023\/"},"wordCount":8125,"publisher":{"@id":"https:\/\/agendaurbana.arteixo.org\/#organization"},"articleSection":["Uncategorized @gl"],"inLanguage":"gl-ES"},{"@type":"WebPage","@id":"https:\/\/agendaurbana.arteixo.org\/gl\/respostas-cuestionario-1a-conferencia-estratexica-16-febreiro-2023\/","url":"https:\/\/agendaurbana.arteixo.org\/gl\/respostas-cuestionario-1a-conferencia-estratexica-16-febreiro-2023\/","name":"Respostas do cuestionario da 1\u00aa Conferencia Estrat\u00e9xica celebrada o 16 de febreiro de 2023 - Agenda Urbana","isPartOf":{"@id":"https:\/\/agendaurbana.arteixo.org\/#website"},"datePublished":"2024-01-05T08:27:12+00:00","dateModified":"2024-01-10T07:23:05+00:00","breadcrumb":{"@id":"https:\/\/agendaurbana.arteixo.org\/gl\/respostas-cuestionario-1a-conferencia-estratexica-16-febreiro-2023\/#breadcrumb"},"inLanguage":"gl-ES","potentialAction":[{"@type":"ReadAction","target":["https:\/\/agendaurbana.arteixo.org\/gl\/respostas-cuestionario-1a-conferencia-estratexica-16-febreiro-2023\/"]}]},{"@type":"BreadcrumbList","@id":"https:\/\/agendaurbana.arteixo.org\/gl\/respostas-cuestionario-1a-conferencia-estratexica-16-febreiro-2023\/#breadcrumb","itemListElement":[{"@type":"ListItem","position":1,"name":"Inicio","item":"https:\/\/agendaurbana.arteixo.org\/gl\/axenda-urbana\/"},{"@type":"ListItem","position":2,"name":"Respostas do cuestionario da 1\u00aa Conferencia Estrat\u00e9xica celebrada o 16 de febreiro de 2023"}]},{"@type":"WebSite","@id":"https:\/\/agendaurbana.arteixo.org\/#website","url":"https:\/\/agendaurbana.arteixo.org\/","name":"Agenda Urbana","description":"Identificaci\u00f3n de los principales retos estrat\u00e9gicos para la definici\u00f3n del futuro de Arteixo","publisher":{"@id":"https:\/\/agendaurbana.arteixo.org\/#organization"},"potentialAction":[{"@type":"SearchAction","target":{"@type":"EntryPoint","urlTemplate":"https:\/\/agendaurbana.arteixo.org\/?s={search_term_string}"},"query-input":{"@type":"PropertyValueSpecification","valueRequired":true,"valueName":"search_term_string"}}],"inLanguage":"gl-ES"},{"@type":"Organization","@id":"https:\/\/agendaurbana.arteixo.org\/#organization","name":"Concello de Arteixo","url":"https:\/\/agendaurbana.arteixo.org\/","logo":{"@type":"ImageObject","inLanguage":"gl-ES","@id":"https:\/\/agendaurbana.arteixo.org\/#\/schema\/logo\/image\/","url":"https:\/\/agendaurbana.arteixo.org\/wp-content\/uploads\/2023\/12\/logoArteixoAzul.png","contentUrl":"https:\/\/agendaurbana.arteixo.org\/wp-content\/uploads\/2023\/12\/logoArteixoAzul.png","width":568,"height":128,"caption":"Concello de Arteixo"},"image":{"@id":"https:\/\/agendaurbana.arteixo.org\/#\/schema\/logo\/image\/"},"sameAs":["https:\/\/www.facebook.com\/ConcellodeArteixoOficial\/","https:\/\/x.com\/arteixooficial","https:\/\/www.instagram.com\/concellodearteixo\/?hl=es"]},{"@type":"Person","@id":"https:\/\/agendaurbana.arteixo.org\/#\/schema\/person\/0fad39310d2cdecb93d73ebe5c90dd8c","name":"Concello5533","sameAs":["https:\/\/agendaurbana.arteixo.org"],"url":"https:\/\/agendaurbana.arteixo.org\/gl\/author\/concello5533\/"}]}},"_links":{"self":[{"href":"https:\/\/agendaurbana.arteixo.org\/gl\/wp-json\/wp\/v2\/posts\/1563","targetHints":{"allow":["GET"]}}],"collection":[{"href":"https:\/\/agendaurbana.arteixo.org\/gl\/wp-json\/wp\/v2\/posts"}],"about":[{"href":"https:\/\/agendaurbana.arteixo.org\/gl\/wp-json\/wp\/v2\/types\/post"}],"author":[{"embeddable":true,"href":"https:\/\/agendaurbana.arteixo.org\/gl\/wp-json\/wp\/v2\/users\/1"}],"replies":[{"embeddable":true,"href":"https:\/\/agendaurbana.arteixo.org\/gl\/wp-json\/wp\/v2\/comments?post=1563"}],"version-history":[{"count":17,"href":"https:\/\/agendaurbana.arteixo.org\/gl\/wp-json\/wp\/v2\/posts\/1563\/revisions"}],"predecessor-version":[{"id":1824,"href":"https:\/\/agendaurbana.arteixo.org\/gl\/wp-json\/wp\/v2\/posts\/1563\/revisions\/1824"}],"wp:attachment":[{"href":"https:\/\/agendaurbana.arteixo.org\/gl\/wp-json\/wp\/v2\/media?parent=1563"}],"wp:term":[{"taxonomy":"category","embeddable":true,"href":"https:\/\/agendaurbana.arteixo.org\/gl\/wp-json\/wp\/v2\/categories?post=1563"},{"taxonomy":"post_tag","embeddable":true,"href":"https:\/\/agendaurbana.arteixo.org\/gl\/wp-json\/wp\/v2\/tags?post=1563"}],"curies":[{"name":"wp","href":"https:\/\/api.w.org\/{rel}","templated":true}]}}